{"id":220043,"date":"2025-01-15T10:54:42","date_gmt":"2025-01-15T09:54:42","guid":{"rendered":"https:\/\/agencevu.com\/?post_type=actualite&#038;p=220043"},"modified":"2025-01-15T10:54:42","modified_gmt":"2025-01-15T09:54:42","slug":"la-peine","status":"publish","type":"actualite","link":"https:\/\/agencevu.com\/en\/new\/la-peine\/","title":{"rendered":"La Peine"},"content":{"rendered":"<div id='av_section_1'  class='avia-section main_color avia-section-default avia-no-border-styling  avia-bg-style-scroll  avia-builder-el-0  el_before_av_section  avia-builder-el-first   container_wrap fullsize' style='background-color: #232323;  '  ><div class='container' ><main  role=\"main\" itemprop=\"mainContentOfPage\"  class='template-page content  av-content-full alpha units'><div class='post-entry post-entry-type-page post-entry-220043'><div class='entry-content-wrapper clearfix'>\n<section class=\"av_textblock_section \"  itemscope=\"itemscope\" itemtype=\"https:\/\/schema.org\/CreativeWork\" ><div class='avia_textblock  '   itemprop=\"text\" ><p class=\"titre-page\"><a style=\"text-decoration: none; color: #ffffff;\" href=\"https:\/\/agencevu.com\/en\/news\/\">Actualit\u00e9s<\/a><\/p>\n<hr class=\"hr-titre-page\">\n<\/div><\/section>\n<div  style='height:25px' class='hr hr-invisible  '><span class='hr-inner ' ><span class='hr-inner-style'><\/span><\/span><\/div>\n<div class='flex_column_table av-equal-height-column-flextable -flextable' ><div class=\"flex_column av_one_half  flex_column_table_cell av-equal-height-column av-align-middle av-zero-column-padding first  \" style='border-radius:0px; '><div  class='avia-image-container  av-styling-    avia-align-center '  itemprop=\"image\" itemscope=\"itemscope\" itemtype=\"https:\/\/schema.org\/ImageObject\"  ><div class='avia-image-container-inner'><div class='avia-image-overlay-wrap'><img class='wp-image-220033 avia-img-lazy-loading-not-220033 avia_image' src=\"https:\/\/agencevu.com\/wp-content\/uploads\/2025\/01\/Lapeine_01.jpg\" alt='' title='Lapeine_01' height=\"1080\" width=\"864\"  itemprop=\"thumbnailUrl\" srcset=\"https:\/\/agencevu.com\/wp-content\/uploads\/2025\/01\/Lapeine_01.jpg 864w, https:\/\/agencevu.com\/wp-content\/uploads\/2025\/01\/Lapeine_01-240x300.jpg 240w, https:\/\/agencevu.com\/wp-content\/uploads\/2025\/01\/Lapeine_01-824x1030.jpg 824w, https:\/\/agencevu.com\/wp-content\/uploads\/2025\/01\/Lapeine_01-64x80.jpg 64w, https:\/\/agencevu.com\/wp-content\/uploads\/2025\/01\/Lapeine_01-768x960.jpg 768w, https:\/\/agencevu.com\/wp-content\/uploads\/2025\/01\/Lapeine_01-564x705.jpg 564w\" sizes=\"(max-width: 864px) 100vw, 864px\" \/><\/div><\/div><\/div><\/div><\/div><!--close column table wrapper. Autoclose: 1 --><div class='flex_column_table av-equal-height-column-flextable -flextable' ><div class='av-flex-placeholder'><\/div><div class=\"flex_column av_one_half  flex_column_table_cell av-equal-height-column av-align-middle av-zero-column-padding   \" style='border-radius:0px; '><section class=\"av_textblock_section \"  itemscope=\"itemscope\" itemtype=\"https:\/\/schema.org\/CreativeWork\" ><div class='avia_textblock  av_inherit_color '  style='font-size:20px; color:#ffffff; '  itemprop=\"text\" ><p style=\"text-align: left;\"><strong>La Peine<br \/>\n<\/strong>Un film de <a href=\"https:\/\/agencevu.com\/photographe\/cedric-gerbehaye\/\" target=\"_blank\" rel=\"noopener\">C\u00e9dric Gerbehaye<\/a><\/p>\n<\/div><\/section><br \/>\n<section class=\"av_textblock_section \"  itemscope=\"itemscope\" itemtype=\"https:\/\/schema.org\/CreativeWork\" ><div class='avia_textblock  av_inherit_color '  style='font-size:16px; color:#ffffff; '  itemprop=\"text\" ><p><strong>Sortie nationale le mercredi 5 f\u00e9vrier 2025<\/strong><\/p>\n<\/div><\/section><br \/>\n<div  style=' margin-top:30px; margin-bottom:30px;'  class='hr hr-custom hr-left hr-icon-no  '><span class='hr-inner  inner-border-av-border-thin' style=' width:50px; border-color:#ffffff;' ><span class='hr-inner-style'><\/span><\/span><\/div><br \/>\n<section class=\"av_textblock_section \"  itemscope=\"itemscope\" itemtype=\"https:\/\/schema.org\/CreativeWork\" ><div class='avia_textblock  av_inherit_color '  style='font-size:16px; color:#ffffff; '  itemprop=\"text\" ><p><em>La Peine<\/em> est une plong\u00e9e intime et in\u00e9dite dans les profondeurs de la condition carc\u00e9rale. \u00c0 travers le quotidien des hommes et des femmes qui y vivent \u2013 d\u00e9tenus, gardiens et directeur \u2013, le film r\u00e9v\u00e8le les f\u00ealures et les espoirs d\u2019une humanit\u00e9 qui tente de r\u00e9sister \u00e0 sa propre n\u00e9gation.<\/p>\n<\/div><\/section><br \/>\n<div  style=' margin-top:30px; margin-bottom:30px;'  class='hr hr-custom hr-left hr-icon-no  '><span class='hr-inner  inner-border-av-border-thin' style=' width:50px; border-color:#ffffff;' ><span class='hr-inner-style'><\/span><\/span><\/div><br \/>\n<section class=\"av_textblock_section \"  itemscope=\"itemscope\" itemtype=\"https:\/\/schema.org\/CreativeWork\" ><div class='avia_textblock  av_inherit_color '  style='font-size:16px; color:#ffffff; '  itemprop=\"text\" ><p><em>La Peine<\/em> est en comp\u00e9tition aux&nbsp;<a href=\"https:\/\/www.lesmagritteducinema.com\/works_r.php?lang=fr\"><em>Magritte du Cin\u00e9ma<\/em><\/a>&nbsp;2025.<\/p>\n<p>&#8211;<\/p>\n<p>Il a d\u00e9j\u00e0 \u00e9t\u00e9 s\u00e9lectionn\u00e9 dans 4 festivals :<\/p>\n<ul>\n<li>Festival International du Film Francophone (Namur, Belgique) 2024<\/li>\n<li>Human Rights Film Festival (Barcelone, Espagne) 2024<\/li>\n<li>Docville (Louvain, Belgique) 2024<\/li>\n<li>Festival des Libert\u00e9s (Bruxelles, Belgique) 2023<\/li>\n<\/ul>\n<\/div><\/section><\/p><\/div><\/div><!--close column table wrapper. Autoclose: 1 --><div class=\"flex_column av_one_third  flex_column_div av-zero-column-padding first  \" style='border-radius:0px; '><section class=\"av_textblock_section \"  itemscope=\"itemscope\" itemtype=\"https:\/\/schema.org\/CreativeWork\" ><div class='avia_textblock  av_inherit_color '  style='font-size:16px; color:#ffffff; '  itemprop=\"text\" ><p style=\"text-align: center;\"><em>\u00ab Film\u00e9 de mani\u00e8re magistrale <\/em>\u00bb<\/p>\n<p style=\"text-align: center;\">Cinergie.be<\/p>\n<\/div><\/section><\/div><div class=\"flex_column av_one_third  flex_column_div av-zero-column-padding   \" style='border-radius:0px; '><section class=\"av_textblock_section \"  itemscope=\"itemscope\" itemtype=\"https:\/\/schema.org\/CreativeWork\" ><div class='avia_textblock  av_inherit_color '  style='font-size:16px; color:#ffffff; '  itemprop=\"text\" ><p style=\"text-align: center;\"><em>\u00ab&nbsp;Un magnifique documentaire au c\u0153ur du syst\u00e8me carc\u00e9ral&nbsp;\u00bb<\/em><\/p>\n<p style=\"text-align: center;\">La Libre<\/p>\n<\/div><\/section><\/div><div class=\"flex_column av_one_third  flex_column_div av-zero-column-padding   \" style='border-radius:0px; '><section class=\"av_textblock_section \"  itemscope=\"itemscope\" itemtype=\"https:\/\/schema.org\/CreativeWork\" ><div class='avia_textblock  av_inherit_color '  style='font-size:16px; color:#ffffff; '  itemprop=\"text\" ><p style=\"text-align: center;\"><em>\u00ab&nbsp;Immersif&nbsp;\u00bb<\/em><\/p>\n<p style=\"text-align: center;\"><em>Le soir<\/em><\/p>\n<\/div><\/section><\/div><div class=\"flex_column av_one_full  flex_column_div av-zero-column-padding first  avia-builder-el-1  avia-builder-el-no-sibling  \" style='border-radius:0px; '><p><div  class='avia-video avia-video-16-9   av-lazyload-immediate  av-lazyload-video-embed  '   itemprop=\"video\" itemtype=\"https:\/\/schema.org\/VideoObject\"  data-original_url='https:\/\/www.youtube.com\/watch?v=RSjdr8jnGls' ><script type='text\/html' class='av-video-tmpl'><div class='avia-iframe-wrap'><iframe title=\"LA PEINE (bande annonce) by C\u00e9dric Gerbehaye\" width=\"1500\" height=\"844\" src=\"https:\/\/www.youtube.com\/embed\/RSjdr8jnGls?feature=oembed&autoplay=0&loop=0&controls=1&mute=0\" frameborder=\"0\" allow=\"accelerometer; autoplay; clipboard-write; encrypted-media; gyroscope; picture-in-picture; web-share\" referrerpolicy=\"strict-origin-when-cross-origin\" allowfullscreen><\/iframe><\/div><\/script><div class='av-click-to-play-overlay'><div class=\"avia_playpause_icon\"><\/div><\/div><\/div><br \/>\n<section class=\"av_textblock_section \"  itemscope=\"itemscope\" itemtype=\"https:\/\/schema.org\/CreativeWork\" ><div class='avia_textblock  av_inherit_color '  style='font-size:13px; color:#ffffff; '  itemprop=\"text\" ><p>90 min \u2022 noir et blanc \u2022 version fran\u00e7aise<\/p>\n<p>Format de projection&nbsp;:&nbsp; DCP 4k \/ Son&nbsp;: 5.1<\/p>\n<\/div><\/section><\/p><\/div>\n\n<\/div><\/div><\/main><!-- close content main element --><\/div><\/div><div id='av_section_2'  class='avia-section main_color avia-section-large avia-no-border-styling  avia-bg-style-scroll  avia-builder-el-3  el_after_av_section  avia-builder-el-last   container_wrap fullsize' style=' '  ><div class='container' ><div class='template-page content  av-content-full alpha units'><div class='post-entry post-entry-type-page post-entry-220043'><div class='entry-content-wrapper clearfix'>\n<div class='flex_column_table av-equal-height-column-flextable -flextable' ><div class=\"flex_column av_one_half  flex_column_table_cell av-equal-height-column av-align-middle av-zero-column-padding first  \" style='border-radius:0px; '><p><section class=\"av_textblock_section \"  itemscope=\"itemscope\" itemtype=\"https:\/\/schema.org\/CreativeWork\" ><div class='avia_textblock  '  style='font-size:14px; '  itemprop=\"text\" ><p>C\u00e9dric Gerbehaye est photographe documentaire. Pendant neuf ans, il a habit\u00e9 avenue de la Jonction, \u00e0 Bruxelles, entour\u00e9 par les prisons de Forest, de Saint-Gilles et de celle des femmes de Berkendael. \u00c0 partir de 2014, entre chaque reportage \u00e0 l\u2019\u00e9tranger, il d\u00e9cide de documenter le quotidien de ses \u201cvoisins\u201d, dont il partage l\u2019enveloppe sonore. Au fil du temps pass\u00e9 en prison, il noue des rapports privil\u00e9gi\u00e9s et devient un confident des emmur\u00e9s apr\u00e8s avoir dur\u00e9 en zones lointaines, dans diff\u00e9rents contextes de conflits, au Moyen-Orient et en Afrique.<\/p>\n<p>En 2016, une autorisation historique de l\u2019administration p\u00e9nitentiaire, du cabinet du ministre de la Justice et de la direction de la prison lui est accord\u00e9e. Il commence alors \u00e0 filmer seul, en immersion. En libre observateur de la condition carc\u00e9rale, C\u00e9dric Gerbehaye a ainsi pu travailler \u00e0 tous moments et dans les moindres recoins de la prison : en cellule, au pr\u00e9au, dans tous les lieux collectifs ainsi qu\u2019au cachot. Ce temps long intramuros sera \u00e9galement ponctu\u00e9 d\u2019ateliers \u00e0 destination des d\u00e9tenus.<\/p>\n<\/div><\/section><br \/>\n<section class=\"av_textblock_section \"  itemscope=\"itemscope\" itemtype=\"https:\/\/schema.org\/CreativeWork\" ><div class='avia_textblock  '  style='font-size:14px; '  itemprop=\"text\" ><p>Pendant six ans, de 2016 \u00e0 2022, C\u00e9dric Gerbehaye filme au sein des trois prisons voisines et principalement \u00e0 Forest. Le tournage commence juste apr\u00e8s la longue gr\u00e8ve des agents p\u00e9nitentiaires, et se cl\u00f4t le jour de la fermeture de Forest suite au d\u00e9m\u00e9nagement vers la nouvelle m\u00e9ga-prison de Haren.<\/p>\n<p>La Peine montre comment des d\u00e9tenus, hommes et femmes (parfois enceintes puis jeunes mamans) attendent, se tiennent, se battent et se laissent abattre, travaillent, se sculptent, prient, dorment, aiment, esp\u00e8rent et attendent encore. Le personnel p\u00e9nitentiaire est film\u00e9 avec le m\u00eame point de vue : des hommes et des femmes captifs eux aussi d\u2019un b\u00e2timent, et d\u2019un syst\u00e8me. Des individus en proie \u00e0 leurs destins, tentant, chacun \u00e0 leur mani\u00e8re, de s\u2019en accommoder ou d\u2019y \u00e9chapper.<\/p>\n<\/div><\/section><\/p><\/div><\/div><!--close column table wrapper. Autoclose: 1 --><div class='flex_column_table av-equal-height-column-flextable -flextable' ><div class='av-flex-placeholder'><\/div><div class=\"flex_column av_one_half  flex_column_table_cell av-equal-height-column av-align-middle av-zero-column-padding   \" style='border-radius:0px; '><section class=\"av_textblock_section \"  itemscope=\"itemscope\" itemtype=\"https:\/\/schema.org\/CreativeWork\" ><div class='avia_textblock  av_inherit_color '  style='font-size:16px; color:#707070; '  itemprop=\"text\" ><p style=\"text-align: center;\"><strong>\u00ab Le droit en prison est phagocyt\u00e9 par la prison pour se retourner contre les d\u00e9tenus. \u00bb<\/strong><br \/>\nVincent Spronck, Directeur de la prison de Forest<\/p>\n<\/div><\/section><br \/>\n<div  style='height:50px' class='hr hr-invisible  '><span class='hr-inner ' ><span class='hr-inner-style'><\/span><\/span><\/div><br \/>\n<div  class='avia-video avia-video-16-9   av-lazyload-immediate  av-lazyload-video-embed  '   itemprop=\"video\" itemtype=\"https:\/\/schema.org\/VideoObject\"  data-original_url='https:\/\/www.youtube.com\/watch?v=aAMy16eoZ-s' ><script type='text\/html' class='av-video-tmpl'><div class='avia-iframe-wrap'><iframe title=\"C\u00e9dric Gerbehaye \u00e0 propos de  son film La Peine\" width=\"1500\" height=\"844\" src=\"https:\/\/www.youtube.com\/embed\/aAMy16eoZ-s?feature=oembed&autoplay=0&loop=0&controls=1&mute=0\" frameborder=\"0\" allow=\"accelerometer; autoplay; clipboard-write; encrypted-media; gyroscope; picture-in-picture; web-share\" referrerpolicy=\"strict-origin-when-cross-origin\" allowfullscreen><\/iframe><\/div><\/script><div class='av-click-to-play-overlay'><div class=\"avia_playpause_icon\"><\/div><\/div><\/div><br \/>\n<section class=\"av_textblock_section \"  itemscope=\"itemscope\" itemtype=\"https:\/\/schema.org\/CreativeWork\" ><div class='avia_textblock  '  style='font-size:13px; '  itemprop=\"text\" ><p>Interview par&nbsp;<a href=\"https:\/\/www.cinergie.be\/auteurs\/lucie-laffineur\"><strong>Lucie_Laffineur<\/strong><\/a>&nbsp;et&nbsp;<a href=\"https:\/\/www.cinergie.be\/auteurs\/vinnie-ky-maka\"><strong>Vinnie Ky-Maka<\/strong><\/a>&nbsp;\/ Cinergie.be<\/p>\n<p>C\u00e9dric Gerbehaye \u00e0 propos de son film<\/p>\n<\/div><\/section><\/p><\/div><\/div><!--close column table wrapper. Autoclose: 1 --><\/div><\/div><\/div><!-- close content main div --><\/div><\/div><div id='av_section_3'  class='avia-section main_color avia-section-default avia-no-border-styling  avia-bg-style-scroll   container_wrap fullsize' style='background-color: #232323;  '  ><div class='container' ><div class='template-page content  av-content-full alpha units'><div class='post-entry post-entry-type-page post-entry-220043'><div class='entry-content-wrapper clearfix'>\n<div class=\"flex_column av_one_full  flex_column_div av-zero-column-padding first  \" style='border-radius:0px; '><p><div  class='avia-image-container  av-styling-    avia-align-center '  itemprop=\"image\" itemscope=\"itemscope\" itemtype=\"https:\/\/schema.org\/ImageObject\"  ><div class='avia-image-container-inner'><div class='avia-image-overlay-wrap'><img class='wp-image-220035 avia-img-lazy-loading-not-220035 avia_image' src=\"https:\/\/agencevu.com\/wp-content\/uploads\/2025\/01\/Lapeine_02.jpg\" alt='' title='Lapeine_02' height=\"1080\" width=\"1920\"  itemprop=\"thumbnailUrl\" srcset=\"https:\/\/agencevu.com\/wp-content\/uploads\/2025\/01\/Lapeine_02.jpg 1920w, https:\/\/agencevu.com\/wp-content\/uploads\/2025\/01\/Lapeine_02-300x169.jpg 300w, https:\/\/agencevu.com\/wp-content\/uploads\/2025\/01\/Lapeine_02-1030x579.jpg 1030w, https:\/\/agencevu.com\/wp-content\/uploads\/2025\/01\/Lapeine_02-80x45.jpg 80w, https:\/\/agencevu.com\/wp-content\/uploads\/2025\/01\/Lapeine_02-768x432.jpg 768w, https:\/\/agencevu.com\/wp-content\/uploads\/2025\/01\/Lapeine_02-1536x864.jpg 1536w, https:\/\/agencevu.com\/wp-content\/uploads\/2025\/01\/Lapeine_02-1500x844.jpg 1500w, https:\/\/agencevu.com\/wp-content\/uploads\/2025\/01\/Lapeine_02-705x397.jpg 705w\" sizes=\"(max-width: 1920px) 100vw, 1920px\" \/><\/div><\/div><\/div><br \/>\n<section class=\"av_textblock_section \"  itemscope=\"itemscope\" itemtype=\"https:\/\/schema.org\/CreativeWork\" ><div class='avia_textblock  av_inherit_color '  style='font-size:13px; color:#ffffff; '  itemprop=\"text\" ><p>Durant six ans, C\u00e9dric Gerbehaye a film\u00e9, de l\u2019int\u00e9rieur, le quotidien des personnes d\u00e9tenues et du personnel de trois prisons bruxelloises, dont principalement celle de Forest.<\/p>\n<\/div><\/section><\/p><\/div><div class=\"flex_column av_one_half  flex_column_div av-zero-column-padding first  \" style='border-radius:0px; '><p><div  class='avia-image-container  av-styling-    avia-align-center '  itemprop=\"image\" itemscope=\"itemscope\" itemtype=\"https:\/\/schema.org\/ImageObject\"  ><div class='avia-image-container-inner'><div class='avia-image-overlay-wrap'><img class='wp-image-220039 avia-img-lazy-loading-not-220039 avia_image' src=\"https:\/\/agencevu.com\/wp-content\/uploads\/2025\/01\/Lapeine_04.jpg\" alt='' title='Lapeine_04' height=\"1080\" width=\"1920\"  itemprop=\"thumbnailUrl\" srcset=\"https:\/\/agencevu.com\/wp-content\/uploads\/2025\/01\/Lapeine_04.jpg 1920w, https:\/\/agencevu.com\/wp-content\/uploads\/2025\/01\/Lapeine_04-300x169.jpg 300w, https:\/\/agencevu.com\/wp-content\/uploads\/2025\/01\/Lapeine_04-1030x579.jpg 1030w, https:\/\/agencevu.com\/wp-content\/uploads\/2025\/01\/Lapeine_04-80x45.jpg 80w, https:\/\/agencevu.com\/wp-content\/uploads\/2025\/01\/Lapeine_04-768x432.jpg 768w, https:\/\/agencevu.com\/wp-content\/uploads\/2025\/01\/Lapeine_04-1536x864.jpg 1536w, https:\/\/agencevu.com\/wp-content\/uploads\/2025\/01\/Lapeine_04-1500x844.jpg 1500w, https:\/\/agencevu.com\/wp-content\/uploads\/2025\/01\/Lapeine_04-705x397.jpg 705w\" sizes=\"(max-width: 1920px) 100vw, 1920px\" \/><\/div><\/div><\/div><br \/>\n<section class=\"av_textblock_section \"  itemscope=\"itemscope\" itemtype=\"https:\/\/schema.org\/CreativeWork\" ><div class='avia_textblock  av_inherit_color '  style='font-size:13px; color:#ffffff; '  itemprop=\"text\" ><p>Le film explore les conditions de d\u00e9tention et l&#8217;humanit\u00e9 dans ces environnements difficiles, capturant six ann\u00e9es de vie au plus pr\u00e8s des d\u00e9tenus, des agents p\u00e9nitentiaires, des directeurs de prison et des familles des d\u00e9tenus.<\/p>\n<\/div><\/section><\/p><\/div><div class=\"flex_column av_one_half  flex_column_div av-zero-column-padding   \" style='border-radius:0px; '><div  class='avia-image-container  av-styling-    avia-align-center '  itemprop=\"image\" itemscope=\"itemscope\" itemtype=\"https:\/\/schema.org\/ImageObject\"  ><div class='avia-image-container-inner'><div class='avia-image-overlay-wrap'><img class='wp-image-220037 avia-img-lazy-loading-not-220037 avia_image' src=\"https:\/\/agencevu.com\/wp-content\/uploads\/2025\/01\/Lapeine_03.jpg\" alt='' title='Lapeine_03' height=\"1080\" width=\"1920\"  itemprop=\"thumbnailUrl\" srcset=\"https:\/\/agencevu.com\/wp-content\/uploads\/2025\/01\/Lapeine_03.jpg 1920w, https:\/\/agencevu.com\/wp-content\/uploads\/2025\/01\/Lapeine_03-300x169.jpg 300w, https:\/\/agencevu.com\/wp-content\/uploads\/2025\/01\/Lapeine_03-1030x579.jpg 1030w, https:\/\/agencevu.com\/wp-content\/uploads\/2025\/01\/Lapeine_03-80x45.jpg 80w, https:\/\/agencevu.com\/wp-content\/uploads\/2025\/01\/Lapeine_03-768x432.jpg 768w, https:\/\/agencevu.com\/wp-content\/uploads\/2025\/01\/Lapeine_03-1536x864.jpg 1536w, https:\/\/agencevu.com\/wp-content\/uploads\/2025\/01\/Lapeine_03-1500x844.jpg 1500w, https:\/\/agencevu.com\/wp-content\/uploads\/2025\/01\/Lapeine_03-705x397.jpg 705w\" sizes=\"(max-width: 1920px) 100vw, 1920px\" \/><\/div><\/div><\/div><\/div><div class=\"flex_column av_one_full  flex_column_div av-zero-column-padding first  \" style='border-radius:0px; '><div  class='avia-image-container  av-styling-    avia-align-center '  itemprop=\"image\" itemscope=\"itemscope\" itemtype=\"https:\/\/schema.org\/ImageObject\"  ><div class='avia-image-container-inner'><div class='avia-image-overlay-wrap'><img class='wp-image-220041 avia-img-lazy-loading-not-220041 avia_image' src=\"https:\/\/agencevu.com\/wp-content\/uploads\/2025\/01\/Lapeine_05.jpg\" alt='' title='Lapeine_05' height=\"1080\" width=\"1920\"  itemprop=\"thumbnailUrl\" srcset=\"https:\/\/agencevu.com\/wp-content\/uploads\/2025\/01\/Lapeine_05.jpg 1920w, https:\/\/agencevu.com\/wp-content\/uploads\/2025\/01\/Lapeine_05-300x169.jpg 300w, https:\/\/agencevu.com\/wp-content\/uploads\/2025\/01\/Lapeine_05-1030x579.jpg 1030w, https:\/\/agencevu.com\/wp-content\/uploads\/2025\/01\/Lapeine_05-80x45.jpg 80w, https:\/\/agencevu.com\/wp-content\/uploads\/2025\/01\/Lapeine_05-768x432.jpg 768w, https:\/\/agencevu.com\/wp-content\/uploads\/2025\/01\/Lapeine_05-1536x864.jpg 1536w, https:\/\/agencevu.com\/wp-content\/uploads\/2025\/01\/Lapeine_05-1500x844.jpg 1500w, https:\/\/agencevu.com\/wp-content\/uploads\/2025\/01\/Lapeine_05-705x397.jpg 705w\" sizes=\"(max-width: 1920px) 100vw, 1920px\" \/><\/div><\/div><\/div><\/div><div class=\"flex_column av_one_full  flex_column_div av-zero-column-padding first  \" style='border-radius:0px; '><section class=\"av_textblock_section \"  itemscope=\"itemscope\" itemtype=\"https:\/\/schema.org\/CreativeWork\" ><div class='avia_textblock  av_inherit_color '  style='font-size:13px; color:#ffffff; '  itemprop=\"text\" ><p>R\u00e9alisation de C\u00e9dric Gerbehaye<br \/>\n\u00c9crit par C\u00e9dric Gerbehaye et Andres Peyrot<br \/>\nMusique originale&nbsp;: Fabrizio Cassol<br \/>\nImage et son&nbsp;: C\u00e9dric Gerbehaye<br \/>\nMontage : Andres Peyrot<\/p>\n<p>Post-Production&nbsp;:&nbsp; Innervision<br \/>\n\u00c9talonnage&nbsp;: Valentin Goguet- Chapuis<br \/>\nMontage son&nbsp;: Mathieu Z\u2019graggen<br \/>\nMixage&nbsp;: R\u00e9gis Diebold<br \/>\nUne Production Citizen Films et Industrie Films<\/p>\n<p>En Coproduction avec Savage Film, Shelter Prod, la RTBF T\u00e9l\u00e9vision Belge \u2013 Unit\u00e9 Documentaire et la VRT<br \/>\nProducteurs D\u00e9l\u00e9gu\u00e9s&nbsp;: Citizen Films \u2013 Nina Robert, Industrie Films \u2013 Andres Peyrot et Brieuc Dreano<br \/>\nCoproducteur&nbsp;: Savage Film &#8211; Bart Van Langendonck<br \/>\nProducteur Associ\u00e9&nbsp;:&nbsp; Esprit Libre Production \u2013 Arnaud Zajtman<\/p>\n<\/div><\/section><\/div><div class=\"flex_column av_one_full  flex_column_div av-zero-column-padding first  \" style='border-radius:0px; '><p><div  class='avia-video avia-video-16-9   av-lazyload-immediate  av-lazyload-video-embed  '   itemprop=\"video\" itemtype=\"https:\/\/schema.org\/VideoObject\"  data-original_url='https:\/\/youtu.be\/A_oLCyztoTk' ><script type='text\/html' class='av-video-tmpl'><div class='avia-iframe-wrap'><iframe title=\"LA PEINE (Studio Session - Bonus) by C\u00e9dric Gerbehaye\" width=\"1500\" height=\"844\" src=\"https:\/\/www.youtube.com\/embed\/A_oLCyztoTk?feature=oembed&autoplay=0&loop=0&controls=1&mute=0\" frameborder=\"0\" allow=\"accelerometer; autoplay; clipboard-write; encrypted-media; gyroscope; picture-in-picture; web-share\" referrerpolicy=\"strict-origin-when-cross-origin\" allowfullscreen><\/iframe><\/div><\/script><div class='av-click-to-play-overlay'><div class=\"avia_playpause_icon\"><\/div><\/div><\/div><br \/>\n<section class=\"av_textblock_section \"  itemscope=\"itemscope\" itemtype=\"https:\/\/schema.org\/CreativeWork\" ><div class='avia_textblock  av_inherit_color '  style='font-size:13px; color:#ffffff; '  itemprop=\"text\" ><p>Musique originale : Fabrizio Cassol<br \/>\nPianiste : Fabian Fiorini<br \/>\nVioloncelliste : Ad\u00e8le Viret<br \/>\nIng\u00e9nieur du son : Peter Soldan<br \/>\nStudio Dada, Bruxelles<\/p>\n<\/div><\/section><\/p><\/div><\/p>\n","protected":false},"excerpt":{"rendered":"<p><strong>Film | <\/strong> La Peine, un film de C\u00e9dric Gerbehaye, au cin\u00e9ma, en France, \u00e0 partir du 5 f\u00e9vrier 2025.<\/p>\n","protected":false},"featured_media":220031,"menu_order":0,"template":"","categories":[5518],"tags":[5534],"photographe":[],"section_taxonomy":[5485],"yoast_head":"<!-- This site is optimized with the Yoast SEO plugin v16.3 - https:\/\/yoast.com\/wordpress\/plugins\/seo\/ -->\n<title>La Peine - Agence VU&#039;<\/title>\n<meta name=\"description\" content=\"La Peine, un film de C\u00e9dric Gerbehaye, au cin\u00e9ma, en France, \u00e0 partir du 5 f\u00e9vrier 2025.\" \/>\n<meta name=\"robots\" content=\"index, follow, max-snippet:-1, max-image-preview:large, max-video-preview:-1\" \/>\n<link rel=\"canonical\" href=\"\/\" \/>\n<meta property=\"og:locale\" content=\"en_US\" \/>\n<meta property=\"og:type\" content=\"article\" \/>\n<meta property=\"og:title\" content=\"La Peine - Agence VU&#039;\" \/>\n<meta property=\"og:description\" content=\"La Peine, un film de C\u00e9dric Gerbehaye, au cin\u00e9ma, en France, \u00e0 partir du 5 f\u00e9vrier 2025.\" \/>\n<meta property=\"og:site_name\" content=\"Agence VU&#039;\" \/>\n<meta property=\"article:publisher\" content=\"https:\/\/www.facebook.com\/VUagence\" \/>\n<meta property=\"og:image\" content=\"https:\/\/agencevu.com\/wp-content\/uploads\/2025\/01\/Lapeine_00_Preview.jpg\" \/>\n\t<meta property=\"og:image:width\" content=\"397\" \/>\n\t<meta property=\"og:image:height\" content=\"304\" \/>\n<meta name=\"twitter:card\" content=\"summary_large_image\" \/>\n<meta name=\"twitter:site\" content=\"@agence_vu\" \/>\n<script type=\"application\/ld+json\" class=\"yoast-schema-graph\">{\"@context\":\"https:\/\/schema.org\",\"@graph\":[{\"@type\":\"WebSite\",\"@id\":\"https:\/\/agencevu.com\/en\/#website\",\"url\":\"https:\/\/agencevu.com\/en\/\",\"name\":\"Agence VU&#039;\",\"description\":\"Agency of photographers founded in 1986\",\"potentialAction\":[{\"@type\":\"SearchAction\",\"target\":\"https:\/\/agencevu.com\/en\/?s={search_term_string}\",\"query-input\":\"required name=search_term_string\"}],\"inLanguage\":\"en-US\"},{\"@type\":\"ImageObject\",\"@id\":\"#primaryimage\",\"inLanguage\":\"en-US\",\"url\":\"https:\/\/agencevu.com\/wp-content\/uploads\/2025\/01\/Lapeine_00_Preview.jpg\",\"contentUrl\":\"https:\/\/agencevu.com\/wp-content\/uploads\/2025\/01\/Lapeine_00_Preview.jpg\",\"width\":397,\"height\":304},{\"@type\":\"WebPage\",\"@id\":\"#webpage\",\"url\":null,\"name\":\"La Peine - Agence VU&#039;\",\"isPartOf\":{\"@id\":\"https:\/\/agencevu.com\/en\/#website\"},\"primaryImageOfPage\":{\"@id\":\"#primaryimage\"},\"datePublished\":\"2025-01-15T09:54:42+00:00\",\"dateModified\":\"2025-01-15T09:54:42+00:00\",\"description\":\"La Peine, un film de C\\u00e9dric Gerbehaye, au cin\\u00e9ma, en France, \\u00e0 partir du 5 f\\u00e9vrier 2025.\",\"breadcrumb\":{\"@id\":\"#breadcrumb\"},\"inLanguage\":\"en-US\",\"potentialAction\":[{\"@type\":\"ReadAction\",\"target\":[null]}]},{\"@type\":\"BreadcrumbList\",\"@id\":\"#breadcrumb\",\"itemListElement\":[{\"@type\":\"ListItem\",\"position\":1,\"item\":{\"@type\":\"WebPage\",\"@id\":\"https:\/\/agencevu.com\/en\/home\/\",\"url\":\"https:\/\/agencevu.com\/en\/home\/\",\"name\":\"Home\"}},{\"@type\":\"ListItem\",\"position\":2,\"item\":{\"@type\":\"WebPage\",\"@id\":\"https:\/\/agencevu.com\/en\/new\/\",\"url\":\"https:\/\/agencevu.com\/en\/new\/\",\"name\":\"Actualites\"}},{\"@type\":\"ListItem\",\"position\":3,\"item\":{\"@id\":\"#webpage\"}}]}]}<\/script>\n<!-- \/ Yoast SEO plugin. -->","_links":{"self":[{"href":"https:\/\/agencevu.com\/en\/wp-json\/wp\/v2\/actualite\/220043"}],"collection":[{"href":"https:\/\/agencevu.com\/en\/wp-json\/wp\/v2\/actualite"}],"about":[{"href":"https:\/\/agencevu.com\/en\/wp-json\/wp\/v2\/types\/actualite"}],"version-history":[{"count":3,"href":"https:\/\/agencevu.com\/en\/wp-json\/wp\/v2\/actualite\/220043\/revisions"}],"predecessor-version":[{"id":220086,"href":"https:\/\/agencevu.com\/en\/wp-json\/wp\/v2\/actualite\/220043\/revisions\/220086"}],"wp:featuredmedia":[{"embeddable":true,"href":"https:\/\/agencevu.com\/en\/wp-json\/wp\/v2\/media\/220031"}],"wp:attachment":[{"href":"https:\/\/agencevu.com\/en\/wp-json\/wp\/v2\/media?parent=220043"}],"wp:term":[{"taxonomy":"category","embeddable":true,"href":"https:\/\/agencevu.com\/en\/wp-json\/wp\/v2\/categories?post=220043"},{"taxonomy":"post_tag","embeddable":true,"href":"https:\/\/agencevu.com\/en\/wp-json\/wp\/v2\/tags?post=220043"},{"taxonomy":"photographe","embeddable":true,"href":"https:\/\/agencevu.com\/en\/wp-json\/wp\/v2\/photographe?post=220043"},{"taxonomy":"section_taxonomy","embeddable":true,"href":"https:\/\/agencevu.com\/en\/wp-json\/wp\/v2\/section_taxonomy?post=220043"}],"curies":[{"name":"wp","href":"https:\/\/api.w.org\/{rel}","templated":true}]}}