{"id":214378,"date":"2024-08-27T17:24:46","date_gmt":"2024-08-27T15:24:46","guid":{"rendered":"https:\/\/agencevu.com\/?post_type=actualite&#038;p=214378"},"modified":"2024-08-28T09:01:54","modified_gmt":"2024-08-28T07:01:54","slug":"winner-of-an-aide-individuelle-a-la-creation-from-the-drac-hauts-de-france-in-2024-for-the-project-la-convivialite-photographing-in-the-anthropocene","status":"publish","type":"actualite","link":"https:\/\/agencevu.com\/en\/new\/winner-of-an-aide-individuelle-a-la-creation-from-the-drac-hauts-de-france-in-2024-for-the-project-la-convivialite-photographing-in-the-anthropocene\/","title":{"rendered":"Winner of an Aide individuelle \u00e0 la cr\u00e9ation from the Drac Hauts-de-France in 2024 for the project &#8220;La Convivialit\u00e9. Photographing in the Anthropocene&#8221;"},"content":{"rendered":"<div id='av_section_1'  class='avia-section main_color avia-section-small avia-no-border-styling  avia-bg-style-scroll  avia-builder-el-0  el_before_av_section  avia-builder-el-first   container_wrap fullsize' style='background-color: #f1f1f1;  '  ><div class='container' ><main  role=\"main\" itemprop=\"mainContentOfPage\"  class='template-page content  av-content-full alpha units'><div class='post-entry post-entry-type-page post-entry-214378'><div class='entry-content-wrapper clearfix'>\n<div class=\"flex_column av_one_full  flex_column_div av-zero-column-padding first  avia-builder-el-1  avia-builder-el-no-sibling  \" style='border-radius:0px; '><section class=\"av_textblock_section \"  itemscope=\"itemscope\" itemtype=\"https:\/\/schema.org\/CreativeWork\" ><div class='avia_textblock  '   itemprop=\"text\" ><p class=\"titre-page\"><a style=\"text-decoration: none; color: #707070;\" href=\"https:\/\/agencevu.com\/en\/news\/\">Actualit\u00e9s<\/a><\/p>\n<hr class=\"hr-titre-page\">\n<\/div><\/section><\/div>\n\n<\/div><\/div><\/main><!-- close content main element --><\/div><\/div><div id='av_section_2'  class='avia-section main_color avia-section-large avia-no-border-styling  avia-bg-style-scroll  avia-builder-el-3  el_after_av_section  avia-builder-el-last   container_wrap fullsize' style=' '  ><div class='container' ><div class='template-page content  av-content-full alpha units'><div class='post-entry post-entry-type-page post-entry-214378'><div class='entry-content-wrapper clearfix'>\n<div class=\"flex_column av_three_fifth  flex_column_div av-zero-column-padding first  avia-builder-el-4  el_before_av_two_fifth  avia-builder-el-first  \" style='border-radius:0px; '><p><section class=\"av_textblock_section \"  itemscope=\"itemscope\" itemtype=\"https:\/\/schema.org\/CreativeWork\" ><div class='avia_textblock  '   itemprop=\"text\" ><p><span style=\"color: #76a38b;\"><span style=\"font-size: 20px;\"><strong>Winner of an Aide individuelle \u00e0 la cr\u00e9ation from the Drac Hauts-de-France in 2024 for the project \u2018<em>La Convivialit\u00e9. Photographing in the Anthropocene<\/em>\u2019.<br \/>\n<\/strong><br \/>\n<\/span><\/span><\/p>\n<\/div><\/section><br \/>\n<div  style='height:30px' class='hr hr-invisible   avia-builder-el-6  el_after_av_textblock  el_before_av_textblock '><span class='hr-inner ' ><span class='hr-inner-style'><\/span><\/span><\/div><br \/>\n<section class=\"av_textblock_section \"  itemscope=\"itemscope\" itemtype=\"https:\/\/schema.org\/CreativeWork\" ><div class='avia_textblock  '   itemprop=\"text\" ><p style=\"text-align: left;\"><em>La Convivialit\u00e9<br \/>\nEn mai 2023, j\u2019ai publi\u00e9 sur mon blog un texte \u00e0 la fois r\u00e9flexif et programmatique intitul\u00e9 \u00ab D\u00e9participer \u00bb. Ce texte tente, avec lucidit\u00e9 mais d\u00e9sir, de circonscrire la question suivante : \u00e9tant donn\u00e9 l\u2019Anthropoc\u00e8ne, comment continuer de raconter des histoires avec la photographie tout en vivant \u00e0 la hauteur des exigences \u00e9thiques et \u00e9cologiques que nous impose collectivement la p\u00e9rennisation de la participation de l\u2019esp\u00e8ce humaine au syst\u00e8me-Terre ?Malgr\u00e9 quelques culs-de-sac, \u00ab D\u00e9participer \u00bb se conclut sur une intuition positive : \u00ab Si je devais encore utiliser la photographie pour ext\u00e9rioriser mes questions (\u2026), c\u2019est \u00e0 partir du jardin qu\u2019il me faudra chercher les moyens de les formuler \u00bb. Or en mai 2023, mon jardin \u00e9tait dans la Dr\u00f4me et, mal remis du terrible \u00e9t\u00e9 2022, \u00e0 sec. Au passage, m\u2019ayant ass\u00e9ch\u00e9 avec lui. Ce double ass\u00e8chement a pr\u00e9cipit\u00e9 un d\u00e9part. En janvier 2024 nous avons rapatri\u00e9 vingt-trois ans de vie dr\u00f4moise vers une ferme du septentrion o\u00f9 l\u2019eau ne manque pas, \u00e9tablissant dans le m\u00eame mouvement les conditions pour penser et cr\u00e9er \u00e0 partir d\u2019un jardin viable.<\/em><\/p>\n<p style=\"text-align: left;\"><em>\u00ab La Convivialit\u00e9 \u00bb, qui emprunte son titre au livre d\u2019Ivan Illich (Le Seuil, 1973), fondateur d\u2019une pens\u00e9e de l\u2019autonomie de l\u2019homme par rapport aux outils qu\u2019il fabrique, est une tentative photo-textuelle de garder trace des r\u00e9flexions, prises de positions, actions, aspirations et contradictions d\u00e9clench\u00e9es par ce rapatriement, et de leurs cons\u00e9quences personnelles, professionnelles, cr\u00e9atives, \u00e9cologiques et anthropologiques.<\/em><br \/>\nFr\u00e9d\u00e9ric Lecloux<\/p>\n<\/div><\/section><br \/>\n<div  style='height:30px' class='hr hr-invisible   avia-builder-el-8  el_after_av_textblock  el_before_av_button '><span class='hr-inner ' ><span class='hr-inner-style'><\/span><\/span><\/div><br \/>\n<div  class='avia-button-wrap avia-button-left  avia-builder-el-9  el_after_av_hr  el_before_av_hr ' ><a href='https:\/\/agencevu.com\/photographe\/frederic-lecloux\/' class='avia-button  avia-color-theme-color-highlight   avia-icon_select-no avia-size-medium avia-position-left ' target=\"_blank\" rel=\"noopener noreferrer\"><span class='avia_iconbox_title' >Fr\u00e9d\u00e9ric Lecloux<\/span><\/a><\/div><br \/>\n<div  style='height:30px' class='hr hr-invisible   avia-builder-el-10  el_after_av_button  avia-builder-el-last '><span class='hr-inner ' ><span class='hr-inner-style'><\/span><\/span><\/div><\/p><\/div><div class=\"flex_column av_two_fifth  flex_column_div av-zero-column-padding   avia-builder-el-11  el_after_av_three_fifth  avia-builder-el-last  \" style='border-radius:0px; '><div  class='avia-image-container  av-styling-    avia-builder-el-12  avia-builder-el-no-sibling  avia-align-center '  itemprop=\"image\" itemscope=\"itemscope\" itemtype=\"https:\/\/schema.org\/ImageObject\"  ><div class='avia-image-container-inner'><div class='avia-image-overlay-wrap'><a href=\"https:\/\/laboutiquevu.com\/fr\/home\/852-les-bords-r%C3%A9els.html\" class='avia_image' target=\"_blank\" rel=\"noopener noreferrer\"><img width=\"1620\" height=\"1080\" class='wp-image-214372 avia-img-lazy-loading-not-214372 avia_image' src=\"https:\/\/agencevu.com\/wp-content\/uploads\/2018\/09\/Lecloux_La_Convivialite.jpg\" alt='' title='Lecloux_La_Convivialite'  itemprop=\"thumbnailUrl\" srcset=\"https:\/\/agencevu.com\/wp-content\/uploads\/2018\/09\/Lecloux_La_Convivialite.jpg 1620w, https:\/\/agencevu.com\/wp-content\/uploads\/2018\/09\/Lecloux_La_Convivialite-300x200.jpg 300w, https:\/\/agencevu.com\/wp-content\/uploads\/2018\/09\/Lecloux_La_Convivialite-1030x687.jpg 1030w, https:\/\/agencevu.com\/wp-content\/uploads\/2018\/09\/Lecloux_La_Convivialite-80x53.jpg 80w, https:\/\/agencevu.com\/wp-content\/uploads\/2018\/09\/Lecloux_La_Convivialite-768x512.jpg 768w, https:\/\/agencevu.com\/wp-content\/uploads\/2018\/09\/Lecloux_La_Convivialite-1536x1024.jpg 1536w, https:\/\/agencevu.com\/wp-content\/uploads\/2018\/09\/Lecloux_La_Convivialite-1500x1000.jpg 1500w, https:\/\/agencevu.com\/wp-content\/uploads\/2018\/09\/Lecloux_La_Convivialite-705x470.jpg 705w\" sizes=\"(max-width: 1620px) 100vw, 1620px\" \/><\/a><\/div><\/div><\/div><\/div>\n","protected":false},"excerpt":{"rendered":"","protected":false},"featured_media":214382,"menu_order":0,"template":"","categories":[5518],"tags":[5534],"photographe":[12090],"section_taxonomy":[5485],"yoast_head":"<!-- This site is optimized with the Yoast SEO plugin v16.3 - https:\/\/yoast.com\/wordpress\/plugins\/seo\/ -->\n<title>Winner of an Aide individuelle \u00e0 la cr\u00e9ation from the Drac Hauts-de-France in 2024 for the project &quot;La Convivialit\u00e9. Photographing in the Anthropocene&quot; - Agence VU&#039;<\/title>\n<meta name=\"description\" content=\"Laur\u00e9at d\u2019une Aide individuelle \u00e0 la cr\u00e9ation de la Drac Hauts-de-France en 2024 pour le projet \u201cLa Convivialit\u00e9. Photographier dans l\u2019Anthropoc\u00e8ne&quot;.\" \/>\n<meta name=\"robots\" content=\"index, follow, max-snippet:-1, max-image-preview:large, max-video-preview:-1\" \/>\n<link rel=\"canonical\" href=\"\/\" \/>\n<meta property=\"og:locale\" content=\"en_US\" \/>\n<meta property=\"og:type\" content=\"article\" \/>\n<meta property=\"og:title\" content=\"Winner of an Aide individuelle \u00e0 la cr\u00e9ation from the Drac Hauts-de-France in 2024 for the project &quot;La Convivialit\u00e9. Photographing in the Anthropocene&quot; - Agence VU&#039;\" \/>\n<meta property=\"og:description\" content=\"Laur\u00e9at d\u2019une Aide individuelle \u00e0 la cr\u00e9ation de la Drac Hauts-de-France en 2024 pour le projet \u201cLa Convivialit\u00e9. Photographier dans l\u2019Anthropoc\u00e8ne&quot;.\" \/>\n<meta property=\"og:site_name\" content=\"Agence VU&#039;\" \/>\n<meta property=\"article:publisher\" content=\"https:\/\/www.facebook.com\/VUagence\" \/>\n<meta property=\"article:modified_time\" content=\"2024-08-28T07:01:54+00:00\" \/>\n<meta property=\"og:image\" content=\"https:\/\/agencevu.com\/wp-content\/uploads\/2024\/08\/Lecloux_La_Convivialite_preview.jpg\" \/>\n\t<meta property=\"og:image:width\" content=\"397\" \/>\n\t<meta property=\"og:image:height\" content=\"304\" \/>\n<meta name=\"twitter:card\" content=\"summary_large_image\" \/>\n<meta name=\"twitter:site\" content=\"@agence_vu\" \/>\n<script type=\"application\/ld+json\" class=\"yoast-schema-graph\">{\"@context\":\"https:\/\/schema.org\",\"@graph\":[{\"@type\":\"WebSite\",\"@id\":\"https:\/\/agencevu.com\/en\/#website\",\"url\":\"https:\/\/agencevu.com\/en\/\",\"name\":\"Agence VU&#039;\",\"description\":\"Agency of photographers founded in 1986\",\"potentialAction\":[{\"@type\":\"SearchAction\",\"target\":\"https:\/\/agencevu.com\/en\/?s={search_term_string}\",\"query-input\":\"required name=search_term_string\"}],\"inLanguage\":\"en-US\"},{\"@type\":\"ImageObject\",\"@id\":\"#primaryimage\",\"inLanguage\":\"en-US\",\"url\":\"https:\/\/agencevu.com\/wp-content\/uploads\/2024\/08\/Lecloux_La_Convivialite_preview.jpg\",\"contentUrl\":\"https:\/\/agencevu.com\/wp-content\/uploads\/2024\/08\/Lecloux_La_Convivialite_preview.jpg\",\"width\":397,\"height\":304},{\"@type\":\"WebPage\",\"@id\":\"#webpage\",\"url\":null,\"name\":\"Winner of an Aide individuelle \\u00e0 la cr\\u00e9ation from the Drac Hauts-de-France in 2024 for the project \\\"La Convivialit\\u00e9. Photographing in the Anthropocene\\\" - Agence VU&#039;\",\"isPartOf\":{\"@id\":\"https:\/\/agencevu.com\/en\/#website\"},\"primaryImageOfPage\":{\"@id\":\"#primaryimage\"},\"datePublished\":\"2024-08-27T15:24:46+00:00\",\"dateModified\":\"2024-08-28T07:01:54+00:00\",\"description\":\"Laur\\u00e9at d\\u2019une Aide individuelle \\u00e0 la cr\\u00e9ation de la Drac Hauts-de-France en 2024 pour le projet \\u201cLa Convivialit\\u00e9. Photographier dans l\\u2019Anthropoc\\u00e8ne\\\".\",\"breadcrumb\":{\"@id\":\"#breadcrumb\"},\"inLanguage\":\"en-US\",\"potentialAction\":[{\"@type\":\"ReadAction\",\"target\":[null]}]},{\"@type\":\"BreadcrumbList\",\"@id\":\"#breadcrumb\",\"itemListElement\":[{\"@type\":\"ListItem\",\"position\":1,\"item\":{\"@type\":\"WebPage\",\"@id\":\"https:\/\/agencevu.com\/en\/home\/\",\"url\":\"https:\/\/agencevu.com\/en\/home\/\",\"name\":\"Home\"}},{\"@type\":\"ListItem\",\"position\":2,\"item\":{\"@type\":\"WebPage\",\"@id\":\"https:\/\/agencevu.com\/en\/new\/\",\"url\":\"https:\/\/agencevu.com\/en\/new\/\",\"name\":\"Actualites\"}},{\"@type\":\"ListItem\",\"position\":3,\"item\":{\"@id\":\"#webpage\"}}]}]}<\/script>\n<!-- \/ Yoast SEO plugin. -->","_links":{"self":[{"href":"https:\/\/agencevu.com\/en\/wp-json\/wp\/v2\/actualite\/214378"}],"collection":[{"href":"https:\/\/agencevu.com\/en\/wp-json\/wp\/v2\/actualite"}],"about":[{"href":"https:\/\/agencevu.com\/en\/wp-json\/wp\/v2\/types\/actualite"}],"version-history":[{"count":3,"href":"https:\/\/agencevu.com\/en\/wp-json\/wp\/v2\/actualite\/214378\/revisions"}],"predecessor-version":[{"id":214391,"href":"https:\/\/agencevu.com\/en\/wp-json\/wp\/v2\/actualite\/214378\/revisions\/214391"}],"wp:featuredmedia":[{"embeddable":true,"href":"https:\/\/agencevu.com\/en\/wp-json\/wp\/v2\/media\/214382"}],"wp:attachment":[{"href":"https:\/\/agencevu.com\/en\/wp-json\/wp\/v2\/media?parent=214378"}],"wp:term":[{"taxonomy":"category","embeddable":true,"href":"https:\/\/agencevu.com\/en\/wp-json\/wp\/v2\/categories?post=214378"},{"taxonomy":"post_tag","embeddable":true,"href":"https:\/\/agencevu.com\/en\/wp-json\/wp\/v2\/tags?post=214378"},{"taxonomy":"photographe","embeddable":true,"href":"https:\/\/agencevu.com\/en\/wp-json\/wp\/v2\/photographe?post=214378"},{"taxonomy":"section_taxonomy","embeddable":true,"href":"https:\/\/agencevu.com\/en\/wp-json\/wp\/v2\/section_taxonomy?post=214378"}],"curies":[{"name":"wp","href":"https:\/\/api.w.org\/{rel}","templated":true}]}}