{"id":179654,"date":"2022-04-20T11:26:04","date_gmt":"2022-04-20T09:26:04","guid":{"rendered":"https:\/\/agencevu.com\/?post_type=actualite&#038;p=179654"},"modified":"2022-05-31T14:42:57","modified_gmt":"2022-05-31T12:42:57","slug":"presse-expositions-printemps2022","status":"publish","type":"actualite","link":"https:\/\/agencevu.com\/en\/new\/presse-expositions-printemps2022\/","title":{"rendered":"Spring 2022 exhibitions: Press review"},"content":{"rendered":"<div id='av_section_1'  class='avia-section main_color avia-section-small avia-no-border-styling  avia-bg-style-scroll  avia-builder-el-0  el_before_av_section  avia-builder-el-first   container_wrap fullsize' style='background-color: #f1f1f1;  '  ><div class='container' ><main  role=\"main\" itemprop=\"mainContentOfPage\"  class='template-page content  av-content-full alpha units'><div class='post-entry post-entry-type-page post-entry-179654'><div class='entry-content-wrapper clearfix'>\n<div class=\"flex_column av_one_full  flex_column_div av-zero-column-padding first  avia-builder-el-1  avia-builder-el-no-sibling  \" style='border-radius:0px; '><section class=\"av_textblock_section \"  itemscope=\"itemscope\" itemtype=\"https:\/\/schema.org\/CreativeWork\" ><div class='avia_textblock  '   itemprop=\"text\" ><p class=\"titre-page\"><a style=\"text-decoration: none; color: #707070;\" href=\"https:\/\/agencevu.com\/en\/news\/\">Actualit\u00e9s<\/a><\/p>\n<hr class=\"hr-titre-page\">\n<\/div><\/section><\/div>\n\n<\/div><\/div><\/main><!-- close content main element --><\/div><\/div><div id='av_section_2'  class='avia-section main_color avia-section-small avia-no-border-styling  avia-bg-style-scroll  avia-builder-el-3  el_after_av_section  el_before_av_section   container_wrap fullsize' style=' '  ><div class='container' ><div class='template-page content  av-content-full alpha units'><div class='post-entry post-entry-type-page post-entry-179654'><div class='entry-content-wrapper clearfix'>\n<div class=\"flex_column av_one_full  flex_column_div av-zero-column-padding first  avia-builder-el-4  el_before_av_hr  avia-builder-el-first  \" style='border-radius:0px; '><section class=\"av_textblock_section \"  itemscope=\"itemscope\" itemtype=\"https:\/\/schema.org\/CreativeWork\" ><div class='avia_textblock  '   itemprop=\"text\" ><p style=\"color: #76a38b; font-size: 20px; text-align: center;\"><strong>&nbsp; Spring 2022 exhibitions<\/strong><\/p>\n<\/div><\/section><br \/>\n<div  style='height:30px' class='hr hr-invisible   avia-builder-el-6  el_after_av_textblock  el_before_av_textblock '><span class='hr-inner ' ><span class='hr-inner-style'><\/span><\/span><\/div><br \/>\n<section class=\"av_textblock_section \"  itemscope=\"itemscope\" itemtype=\"https:\/\/schema.org\/CreativeWork\" ><div class='avia_textblock  '  style='font-size:15px; '  itemprop=\"text\" ><p style=\"text-align: center;\">Reviews, interviews, recommendations :<br \/>\nthe press review of our author-photographers&#8217; exhibitions<br \/>\nto be discovered this spring.<\/p>\n<\/div><\/section><\/p><\/div><div  style=' margin-top:30px; margin-bottom:30px;'  class='hr hr-custom hr-center hr-icon-no   avia-builder-el-8  el_after_av_one_full  el_before_av_one_full '><span class='hr-inner  inner-border-av-border-thin' style=' width:45%; border-color:#b7b7b7;' ><span class='hr-inner-style'><\/span><\/span><\/div>\n<div class=\"flex_column av_one_full  flex_column_div av-zero-column-padding first  avia-builder-el-9  el_after_av_hr  el_before_av_hr  \" style='border-radius:0px; '><section class=\"av_textblock_section \"  itemscope=\"itemscope\" itemtype=\"https:\/\/schema.org\/CreativeWork\" ><div class='avia_textblock  av_inherit_color '  style='font-size:15px; color:#76a38b; '  itemprop=\"text\" ><\/div><\/section><\/div><div  style='height:50px' class='hr hr-invisible   avia-builder-el-11  el_after_av_one_full  el_before_av_one_full '><span class='hr-inner ' ><span class='hr-inner-style'><\/span><\/span><\/div>\n<div class=\"flex_column av_one_full  flex_column_div av-zero-column-padding first  avia-builder-el-12  el_after_av_hr  el_before_av_hr  \" style='border-radius:0px; '><p><div  class='avia-image-container  av-styling-no-styling    avia-builder-el-13  el_before_av_textblock  avia-builder-el-first  avia-align-center '  itemprop=\"image\" itemscope=\"itemscope\" itemtype=\"https:\/\/schema.org\/ImageObject\"  ><div class='avia-image-container-inner'><div class='avia-image-overlay-wrap'><a href=\"https:\/\/galerievu.com\/en\/fat-event\/juan-manuel-castro-prieto-vanitas\/\" class='avia_image' target=\"_blank\" rel=\"noopener noreferrer\"><img width=\"1350\" height=\"1080\" class='wp-image-178505 avia-img-lazy-loading-not-178505 avia_image' src=\"https:\/\/agencevu.com\/wp-content\/uploads\/2022\/03\/IMAGE-PRINCIPALE_Naturalezas-muertas-2017-0081-NIV3-pelicula-RET-IMP-AZUL.jpg\" alt='' title='IMAGE PRINCIPALE_Naturalezas-muertas-2017-0081-NIV3-pelicula-RET-IMP-AZUL'  itemprop=\"thumbnailUrl\" srcset=\"https:\/\/agencevu.com\/wp-content\/uploads\/2022\/03\/IMAGE-PRINCIPALE_Naturalezas-muertas-2017-0081-NIV3-pelicula-RET-IMP-AZUL.jpg 1350w, https:\/\/agencevu.com\/wp-content\/uploads\/2022\/03\/IMAGE-PRINCIPALE_Naturalezas-muertas-2017-0081-NIV3-pelicula-RET-IMP-AZUL-300x240.jpg 300w, https:\/\/agencevu.com\/wp-content\/uploads\/2022\/03\/IMAGE-PRINCIPALE_Naturalezas-muertas-2017-0081-NIV3-pelicula-RET-IMP-AZUL-1030x824.jpg 1030w, https:\/\/agencevu.com\/wp-content\/uploads\/2022\/03\/IMAGE-PRINCIPALE_Naturalezas-muertas-2017-0081-NIV3-pelicula-RET-IMP-AZUL-80x64.jpg 80w, https:\/\/agencevu.com\/wp-content\/uploads\/2022\/03\/IMAGE-PRINCIPALE_Naturalezas-muertas-2017-0081-NIV3-pelicula-RET-IMP-AZUL-768x614.jpg 768w, https:\/\/agencevu.com\/wp-content\/uploads\/2022\/03\/IMAGE-PRINCIPALE_Naturalezas-muertas-2017-0081-NIV3-pelicula-RET-IMP-AZUL-705x564.jpg 705w\" sizes=\"(max-width: 1350px) 100vw, 1350px\" \/><\/a><\/div><\/div><\/div><br \/>\n<section class=\"av_textblock_section \"  itemscope=\"itemscope\" itemtype=\"https:\/\/schema.org\/CreativeWork\" ><div class='avia_textblock  '   itemprop=\"text\" ><p><em>Vanitas<\/em><br \/>\n<strong>Juan Manuel Castro Prieto<\/strong><br \/>\n\u2014<br \/>\nFrom April 1 to May 21, 2022<br \/>\nGalerie VU&#8217; &#8211; Paris<\/p>\n<\/div><\/section><br \/>\n<div  style='height:15px' class='hr hr-invisible   avia-builder-el-15  el_after_av_textblock  el_before_av_button '><span class='hr-inner ' ><span class='hr-inner-style'><\/span><\/span><\/div><br \/>\n<div  class='avia-button-wrap avia-button-left  avia-builder-el-16  el_after_av_hr  el_before_av_button ' ><a href='https:\/\/galerievu.com\/en\/fat-event\/juan-manuel-castro-prieto-vanitas\/' class='avia-button  avia-color-theme-color-highlight   avia-icon_select-no avia-size-medium avia-position-left ' target=\"_blank\" rel=\"noopener noreferrer\"><span class='avia_iconbox_title' >The exhibition<\/span><\/a><\/div><br \/>\n<div  class='avia-button-wrap avia-button-left  avia-builder-el-17  el_after_av_button  el_before_av_button ' ><a href='https:\/\/www.9lives-magazine.com\/85219\/2022\/04\/11\/vanitas-a-la-galerie-vu-entretien-avec-juan-manuel-castro-prieto\/' class='avia-button  avia-color-theme-color-highlight   avia-icon_select-no avia-size-medium avia-position-left ' target=\"_blank\" rel=\"noopener noreferrer\"><span class='avia_iconbox_title' ><em>9 lives<\/em> - interview<\/span><\/a><\/div><br \/>\n<div  class='avia-button-wrap avia-button-left  avia-builder-el-18  el_after_av_button  avia-builder-el-last ' ><a href='https:\/\/sortir.telerama.fr\/evenements\/expos\/juan-manuel-castro-prieto-1-852695.php' class='avia-button  avia-color-theme-color-highlight   avia-icon_select-no avia-size-medium avia-position-left ' target=\"_blank\" rel=\"noopener noreferrer\"><span class='avia_iconbox_title' ><em> T\u00e9l\u00e9rama <\/em> - review<\/span><\/a><\/div><\/p><\/div><div  style='height:50px' class='hr hr-invisible   avia-builder-el-19  el_after_av_one_full  el_before_av_one_half '><span class='hr-inner ' ><span class='hr-inner-style'><\/span><\/span><\/div>\n<div class=\"flex_column av_one_half  flex_column_div av-zero-column-padding first  avia-builder-el-20  el_after_av_hr  el_before_av_one_half  \" style='border-radius:0px; '><p><div  class='avia-image-container  av-styling-no-styling    avia-builder-el-21  el_before_av_textblock  avia-builder-el-first  avia-align-center '  itemprop=\"image\" itemscope=\"itemscope\" itemtype=\"https:\/\/schema.org\/ImageObject\"  ><div class='avia-image-container-inner'><div class='avia-image-overlay-wrap'><a href=\"https:\/\/agencevu.com\/fat-event\/loeil-urbain-festival-photographique-rip-hopkins-lodyssee-2022\/\" class='avia_image' target=\"_blank\" rel=\"noopener noreferrer\"><img width=\"1080\" height=\"1080\" class='wp-image-177187 avia-img-lazy-loading-not-177187 avia_image' src=\"https:\/\/agencevu.com\/wp-content\/uploads\/2022\/03\/Rip-HopkinsCH6A7746.jpg\" alt='' title='Rip HopkinsCH6A7746'  itemprop=\"thumbnailUrl\" srcset=\"https:\/\/agencevu.com\/wp-content\/uploads\/2022\/03\/Rip-HopkinsCH6A7746.jpg 1080w, https:\/\/agencevu.com\/wp-content\/uploads\/2022\/03\/Rip-HopkinsCH6A7746-300x300.jpg 300w, https:\/\/agencevu.com\/wp-content\/uploads\/2022\/03\/Rip-HopkinsCH6A7746-1030x1030.jpg 1030w, https:\/\/agencevu.com\/wp-content\/uploads\/2022\/03\/Rip-HopkinsCH6A7746-80x80.jpg 80w, https:\/\/agencevu.com\/wp-content\/uploads\/2022\/03\/Rip-HopkinsCH6A7746-768x768.jpg 768w, https:\/\/agencevu.com\/wp-content\/uploads\/2022\/03\/Rip-HopkinsCH6A7746-36x36.jpg 36w, https:\/\/agencevu.com\/wp-content\/uploads\/2022\/03\/Rip-HopkinsCH6A7746-180x180.jpg 180w, https:\/\/agencevu.com\/wp-content\/uploads\/2022\/03\/Rip-HopkinsCH6A7746-705x705.jpg 705w\" sizes=\"(max-width: 1080px) 100vw, 1080px\" \/><\/a><\/div><\/div><\/div><br \/>\n<section class=\"av_textblock_section \"  itemscope=\"itemscope\" itemtype=\"https:\/\/schema.org\/CreativeWork\" ><div class='avia_textblock  '   itemprop=\"text\" ><p><em>Odyss\u00e9e 2022<\/em><br \/>\n<strong>Rip Hopkins<\/strong><br \/>\n\u2014<br \/>\nFrom April 1 to May 22, 2022<br \/>\nFestival l\u2019\u0152il Urbain &#8211; Corbeil-Essonnes (France)<\/p>\n<\/div><\/section><br \/>\n<div  style='height:15px' class='hr hr-invisible   avia-builder-el-23  el_after_av_textblock  el_before_av_button '><span class='hr-inner ' ><span class='hr-inner-style'><\/span><\/span><\/div><br \/>\n<div  class='avia-button-wrap avia-button-left  avia-builder-el-24  el_after_av_hr  el_before_av_button ' ><a href='https:\/\/agencevu.com\/fat-event\/loeil-urbain-festival-photographique-rip-hopkins-lodyssee-2022\/' class='avia-button  avia-color-theme-color-highlight   avia-icon_select-no avia-size-medium avia-position-left ' target=\"_blank\" rel=\"noopener noreferrer\"><span class='avia_iconbox_title' >The exhibition<\/span><\/a><\/div><br \/>\n<div  class='avia-button-wrap avia-button-left  avia-builder-el-25  el_after_av_button  el_before_av_button ' ><a href='https:\/\/sortir.telerama.fr\/evenements\/expos\/rip-hopkins-odyssee-2022-1-851296.php' class='avia-button  avia-color-theme-color-highlight   avia-icon_select-no avia-size-medium avia-position-left ' target=\"_blank\" rel=\"noopener noreferrer\"><span class='avia_iconbox_title' ><em> T\u00e9l\u00e9rama <\/em> - review<\/span><\/a><\/div><br \/>\n<div  class='avia-button-wrap avia-button-left  avia-builder-el-26  el_after_av_button  avia-builder-el-last ' ><a href='https:\/\/www.rfi.fr\/en\/culture\/20220508-british-photographer-rip-hopkins-shares-the-frame-in-multicultural-french-suburb-oeil-urbain-festival' class='avia-button  avia-color-theme-color-highlight   avia-icon_select-no avia-size-medium avia-position-left ' target=\"_blank\" rel=\"noopener noreferrer\"><span class='avia_iconbox_title' ><em> RFI <\/em> - interview<\/span><\/a><\/div><\/p><\/div><div class=\"flex_column av_one_half  flex_column_div av-zero-column-padding   avia-builder-el-27  el_after_av_one_half  el_before_av_hr  \" style='border-radius:0px; '><p><div  class='avia-image-container  av-styling-no-styling    avia-builder-el-28  el_before_av_textblock  avia-builder-el-first  avia-align-center '  itemprop=\"image\" itemscope=\"itemscope\" itemtype=\"https:\/\/schema.org\/ImageObject\"  ><div class='avia-image-container-inner'><div class='avia-image-overlay-wrap'><a href=\"https:\/\/agencevu.com\/fat-event\/loeil-urbain-festival-photographique-guillaume-herbaut-ukraine-terre-desiree\/\" class='avia_image' target=\"_blank\" rel=\"noopener noreferrer\"><img width=\"915\" height=\"730\" class='wp-image-177222 avia-img-lazy-loading-not-177222 avia_image' src=\"https:\/\/agencevu.com\/wp-content\/uploads\/2022\/03\/HERB24462-2011CL40-copie.jpg\" alt='' title='La Zone'  itemprop=\"thumbnailUrl\" srcset=\"https:\/\/agencevu.com\/wp-content\/uploads\/2022\/03\/HERB24462-2011CL40-copie.jpg 915w, https:\/\/agencevu.com\/wp-content\/uploads\/2022\/03\/HERB24462-2011CL40-copie-300x239.jpg 300w, https:\/\/agencevu.com\/wp-content\/uploads\/2022\/03\/HERB24462-2011CL40-copie-80x64.jpg 80w, https:\/\/agencevu.com\/wp-content\/uploads\/2022\/03\/HERB24462-2011CL40-copie-768x613.jpg 768w, https:\/\/agencevu.com\/wp-content\/uploads\/2022\/03\/HERB24462-2011CL40-copie-705x562.jpg 705w\" sizes=\"(max-width: 915px) 100vw, 915px\" \/><\/a><\/div><\/div><\/div><br \/>\n<section class=\"av_textblock_section \"  itemscope=\"itemscope\" itemtype=\"https:\/\/schema.org\/CreativeWork\" ><div class='avia_textblock  '   itemprop=\"text\" ><p><em>Ukraine, terre d\u00e9sir\u00e9e<\/em><br \/>\n<strong>Guillaume Herbaut<\/strong><br \/>\n\u2014<br \/>\nFrom April 1 to May 22, 2022<br \/>\nFestival l\u2019\u0152il Urbain &#8211; Corbeil-Essonnes (France)<\/p>\n<\/div><\/section><br \/>\n<div  style='height:15px' class='hr hr-invisible   avia-builder-el-30  el_after_av_textblock  el_before_av_button '><span class='hr-inner ' ><span class='hr-inner-style'><\/span><\/span><\/div><br \/>\n<div  class='avia-button-wrap avia-button-left  avia-builder-el-31  el_after_av_hr  el_before_av_button ' ><a href='https:\/\/agencevu.com\/fat-event\/loeil-urbain-festival-photographique-guillaume-herbaut-ukraine-terre-desiree\/' class='avia-button  avia-color-theme-color-highlight   avia-icon_select-no avia-size-medium avia-position-left ' target=\"_blank\" rel=\"noopener noreferrer\"><span class='avia_iconbox_title' >The exhibition<\/span><\/a><\/div><br \/>\n<div  class='avia-button-wrap avia-button-left  avia-builder-el-32  el_after_av_button  el_before_av_button ' ><a href='https:\/\/sortir.telerama.fr\/evenements\/expos\/guillaume-herbaut-terre-desiree-1-851279.php' class='avia-button  avia-color-theme-color-highlight   avia-icon_select-no avia-size-medium avia-position-left ' target=\"_blank\" rel=\"noopener noreferrer\"><span class='avia_iconbox_title' ><em> T\u00e9l\u00e9rama <\/em> - review<\/span><\/a><\/div><br \/>\n<div  class='avia-button-wrap avia-button-left  avia-builder-el-33  el_after_av_button  el_before_av_button ' ><a href='https:\/\/agencevu.com\/actualite\/interview-de-guillaume-herbaut-sur-europe-1\/' class='avia-button  avia-color-theme-color-highlight   avia-icon_select-no avia-size-medium avia-position-left ' target=\"_blank\" rel=\"noopener noreferrer\"><span class='avia_iconbox_title' ><em>Europe 1<\/em> - interview<\/span><\/a><\/div><br \/>\n<div  class='avia-button-wrap avia-button-left  avia-builder-el-34  el_after_av_button  el_before_av_button ' ><a href='https:\/\/www.franceculture.fr\/emissions\/par-les-temps-qui-courent\/guillaume-herbaut-photojournaliste' class='avia-button  avia-color-theme-color-highlight   avia-icon_select-no avia-size-medium avia-position-left ' target=\"_blank\" rel=\"noopener noreferrer\"><span class='avia_iconbox_title' ><em>France Culture<\/em> - interview<\/span><\/a><\/div><br \/>\n<div  class='avia-button-wrap avia-button-left  avia-builder-el-35  el_after_av_button  avia-builder-el-last ' ><a href='https:\/\/information.tv5monde.com\/video\/festival-l-oeil-urbain-l-ukraine-le-long-voyage-de-guillaume-herbaut' class='avia-button  avia-color-theme-color-highlight   avia-icon_select-no avia-size-medium avia-position-left ' target=\"_blank\" rel=\"noopener noreferrer\"><span class='avia_iconbox_title' ><em>TV5 Monde<\/em> - interview<\/span><\/a><\/div><\/p><\/div><div  style='height:50px' class='hr hr-invisible   avia-builder-el-36  el_after_av_one_half  el_before_av_one_half '><span class='hr-inner ' ><span class='hr-inner-style'><\/span><\/span><\/div>\n<div class=\"flex_column av_one_half  flex_column_div av-zero-column-padding first  avia-builder-el-37  el_after_av_hr  el_before_av_one_half  \" style='border-radius:0px; '><p><div  class='avia-image-container  av-styling-no-styling    avia-builder-el-38  el_before_av_textblock  avia-builder-el-first  avia-align-center '  itemprop=\"image\" itemscope=\"itemscope\" itemtype=\"https:\/\/schema.org\/ImageObject\"  ><div class='avia-image-container-inner'><div class='avia-image-overlay-wrap'><a href=\"https:\/\/agencevu.com\/fat-event\/du-crepuscule-au-fil-de-leau\/\" class='avia_image' target=\"_blank\" rel=\"noopener noreferrer\"><img width=\"1281\" height=\"1000\" class='wp-image-177688 avia-img-lazy-loading-not-177688 avia_image' src=\"https:\/\/agencevu.com\/wp-content\/uploads\/2022\/03\/04.jpg\" alt='' title='04'  itemprop=\"thumbnailUrl\" srcset=\"https:\/\/agencevu.com\/wp-content\/uploads\/2022\/03\/04.jpg 1281w, https:\/\/agencevu.com\/wp-content\/uploads\/2022\/03\/04-300x234.jpg 300w, https:\/\/agencevu.com\/wp-content\/uploads\/2022\/03\/04-1030x804.jpg 1030w, https:\/\/agencevu.com\/wp-content\/uploads\/2022\/03\/04-80x62.jpg 80w, https:\/\/agencevu.com\/wp-content\/uploads\/2022\/03\/04-768x600.jpg 768w, https:\/\/agencevu.com\/wp-content\/uploads\/2022\/03\/04-705x550.jpg 705w\" sizes=\"(max-width: 1281px) 100vw, 1281px\" \/><\/a><\/div><\/div><\/div><br \/>\n<section class=\"av_textblock_section \"  itemscope=\"itemscope\" itemtype=\"https:\/\/schema.org\/CreativeWork\" ><div class='avia_textblock  '   itemprop=\"text\" ><p><em>Du Cr\u00e9puscule au fil de l&#8217;eau<\/em><br \/>\n<strong>Israel Ari\u00f1o<\/strong><br \/>\n\u2014<br \/>\nFrom April 1 to June 18, 2022<br \/>\nEspace culturel Leclerc &#8211; Pau (France)<\/p>\n<\/div><\/section><br \/>\n<div  style='height:15px' class='hr hr-invisible   avia-builder-el-40  el_after_av_textblock  el_before_av_button '><span class='hr-inner ' ><span class='hr-inner-style'><\/span><\/span><\/div><br \/>\n<div  class='avia-button-wrap avia-button-left  avia-builder-el-41  el_after_av_hr  el_before_av_button ' ><a href='https:\/\/agencevu.com\/fat-event\/du-crepuscule-au-fil-de-leau\/' class='avia-button  avia-color-theme-color-highlight   avia-icon_select-no avia-size-medium avia-position-left ' target=\"_blank\" rel=\"noopener noreferrer\"><span class='avia_iconbox_title' >The exhibition<\/span><\/a><\/div><br \/>\n<div  class='avia-button-wrap avia-button-left  avia-builder-el-42  el_after_av_button  el_before_av_button ' ><a href='https:\/\/agencevu.com\/actualite\/interview-de-israel-arino-france3-pau\/' class='avia-button  avia-color-theme-color-highlight   avia-icon_select-no avia-size-medium avia-position-left ' target=\"_blank\" rel=\"noopener noreferrer\"><span class='avia_iconbox_title' ><em> France 3 Pau Sud-Aquitaine <\/em> - interview<\/span><\/a><\/div><br \/>\n<div  class='avia-button-wrap avia-button-left  avia-builder-el-43  el_after_av_button  el_before_av_button ' ><a href='https:\/\/www.larepubliquedespyrenees.fr\/pyrenees-atlantiques\/pau\/pau-la-photo-au-dela-du-reel-selon-israel-arino-10604053.php' class='avia-button  avia-color-theme-color-highlight   avia-icon_select-no avia-size-medium avia-position-left ' target=\"_blank\" rel=\"noopener noreferrer\"><span class='avia_iconbox_title' ><em> La R\u00e9publique des Pyr\u00e9n\u00e9es <\/em> - review<\/span><\/a><\/div><br \/>\n<div  class='avia-button-wrap avia-button-left  avia-builder-el-44  el_after_av_button  avia-builder-el-last ' ><a href='https:\/\/www.larepubliquedespyrenees.fr\/pyrenees-atlantiques\/pau\/pau-la-photo-au-dela-du-reel-selon-israel-arino-10604053.php' class='avia-button  avia-color-theme-color-highlight   avia-icon_select-no avia-size-medium avia-position-left ' target=\"_blank\" rel=\"noopener noreferrer\"><span class='avia_iconbox_title' ><em> 9 lives <\/em> - carte blanche<\/span><\/a><\/div><\/p><\/div><div class=\"flex_column av_one_half  flex_column_div av-zero-column-padding   avia-builder-el-45  el_after_av_one_half  el_before_av_one_full  \" style='border-radius:0px; '><p><div  class='avia-image-container  av-styling-no-styling    avia-builder-el-46  el_before_av_textblock  avia-builder-el-first  avia-align-center '  itemprop=\"image\" itemscope=\"itemscope\" itemtype=\"https:\/\/schema.org\/ImageObject\"  ><div class='avia-image-container-inner'><div class='avia-image-overlay-wrap'><a href=\"https:\/\/agencevu.com\/fat-event\/photographs-and-diaries\/\" class='avia_image' target=\"_blank\" rel=\"noopener noreferrer\"><img width=\"1623\" height=\"1080\" class='wp-image-177062 avia-img-lazy-loading-not-177062 avia_image' src=\"https:\/\/agencevu.com\/wp-content\/uploads\/2022\/03\/BOU22310-2016NB01.jpg\" alt='' title='Berbers in Morocco \/ Les berb\u00cbres au Maroc, une culture en r\u00c8sistance'  itemprop=\"thumbnailUrl\" srcset=\"https:\/\/agencevu.com\/wp-content\/uploads\/2022\/03\/BOU22310-2016NB01.jpg 1623w, https:\/\/agencevu.com\/wp-content\/uploads\/2022\/03\/BOU22310-2016NB01-300x200.jpg 300w, https:\/\/agencevu.com\/wp-content\/uploads\/2022\/03\/BOU22310-2016NB01-1030x685.jpg 1030w, https:\/\/agencevu.com\/wp-content\/uploads\/2022\/03\/BOU22310-2016NB01-80x53.jpg 80w, https:\/\/agencevu.com\/wp-content\/uploads\/2022\/03\/BOU22310-2016NB01-768x511.jpg 768w, https:\/\/agencevu.com\/wp-content\/uploads\/2022\/03\/BOU22310-2016NB01-1536x1022.jpg 1536w, https:\/\/agencevu.com\/wp-content\/uploads\/2022\/03\/BOU22310-2016NB01-1500x998.jpg 1500w, https:\/\/agencevu.com\/wp-content\/uploads\/2022\/03\/BOU22310-2016NB01-705x469.jpg 705w\" sizes=\"(max-width: 1623px) 100vw, 1623px\" \/><\/a><\/div><\/div><\/div><br \/>\n<section class=\"av_textblock_section \"  itemscope=\"itemscope\" itemtype=\"https:\/\/schema.org\/CreativeWork\" ><div class='avia_textblock  '   itemprop=\"text\" ><p><em>Photographs and Diaries<\/em><br \/>\n<strong>Ferhat Bouda<\/strong><br \/>\n\u2014<br \/>\nFrom March 18 to May 22, 2022<br \/>\nFotografie Forum Frankfurt &#8211; Frankfurt (Germany)<\/p>\n<\/div><\/section><br \/>\n<div  style='height:15px' class='hr hr-invisible   avia-builder-el-48  el_after_av_textblock  el_before_av_button '><span class='hr-inner ' ><span class='hr-inner-style'><\/span><\/span><\/div><br \/>\n<div  class='avia-button-wrap avia-button-left  avia-builder-el-49  el_after_av_hr  el_before_av_button ' ><a href='https:\/\/agencevu.com\/fat-event\/photographs-and-diaries\/' class='avia-button  avia-color-theme-color-highlight   avia-icon_select-no avia-size-medium avia-position-left ' target=\"_blank\" rel=\"noopener noreferrer\"><span class='avia_iconbox_title' >The exhibition<\/span><\/a><\/div><br \/>\n<div  class='avia-button-wrap avia-button-left  avia-builder-el-50  el_after_av_button  avia-builder-el-last ' ><a href='https:\/\/agencevu.com\/actualite\/interview-ferhat-bouda-twist-arte\/' class='avia-button  avia-color-theme-color-highlight   avia-icon_select-no avia-size-medium avia-position-left ' target=\"_blank\" rel=\"noopener noreferrer\"><span class='avia_iconbox_title' ><em>Arte<\/em> - interview<\/span><\/a><\/div><\/p><\/div><div class=\"flex_column av_one_full  flex_column_div av-zero-column-padding first  avia-builder-el-51  el_after_av_one_half  el_before_av_one_full  column-top-margin\" style='border-radius:0px; '><section class=\"av_textblock_section \"  itemscope=\"itemscope\" itemtype=\"https:\/\/schema.org\/CreativeWork\" ><div class='avia_textblock  av_inherit_color '  style='font-size:15px; color:#76a38b; '  itemprop=\"text\" ><\/div><\/section><\/div><div class=\"flex_column av_one_full  flex_column_div av-zero-column-padding first  avia-builder-el-53  el_after_av_one_full  avia-builder-el-last  column-top-margin\" style='border-radius:0px; '><section class=\"av_textblock_section \"  itemscope=\"itemscope\" itemtype=\"https:\/\/schema.org\/CreativeWork\" ><div class='avia_textblock  av_inherit_color '  style='font-size:15px; color:#76a38b; '  itemprop=\"text\" ><\/div><\/section><\/div><\/div><\/div><\/div><!-- close content main div --><\/div><\/div><div id='av_section_3'  class='avia-section main_color avia-section-default avia-no-border-styling  avia-bg-style-scroll  avia-builder-el-55  el_after_av_section  avia-builder-el-last   container_wrap fullsize' style=' '  ><div class='container' ><div class='template-page content  av-content-full alpha units'><div class='post-entry post-entry-type-page post-entry-179654'><div class='entry-content-wrapper clearfix'>\n<div  class='avia-buttonrow-wrap avia-buttonrow-center   avia-builder-el-56  avia-builder-el-no-sibling '>\n<a href='https:\/\/agencevu.com\/en\/exhibitions\/'  class='avia-button  avia-color-theme-color-highlight  avia-icon_select-no avia-size-small '  target=\"_blank\"  rel=\"noopener noreferrer\" style='margin-bottom:15px; margin-left:8px; margin-right:8px; ' ><span class='avia_iconbox_title' >ALL THE EXHIBITION<\/span><\/a>\n<a href='https:\/\/agencevu.com\/contacts\/'  class='avia-button  avia-color-theme-color-highlight  avia-icon_select-no avia-size-small '  style='margin-bottom:15px; margin-left:8px; margin-right:8px; ' ><span class='avia_iconbox_title' >CONTACTS<\/span><\/a>\n<\/div>\n<\/p>\n","protected":false},"excerpt":{"rendered":"<p><strong>Spring 2022 | <\/strong> Reviews, interviews, recommendations: the press review of our author-photographers&#8217; exhibitions to be discovered this spring<\/p>\n","protected":false},"featured_media":179252,"menu_order":0,"template":"","categories":[5518],"tags":[5534],"photographe":[5572],"section_taxonomy":[5485],"yoast_head":"<!-- This site is optimized with the Yoast SEO plugin v16.3 - https:\/\/yoast.com\/wordpress\/plugins\/seo\/ -->\n<title>Spring 2022 exhibitions: Press review - Agence VU&#039;<\/title>\n<meta name=\"robots\" content=\"index, follow, max-snippet:-1, max-image-preview:large, max-video-preview:-1\" \/>\n<link rel=\"canonical\" href=\"\/\" \/>\n<meta property=\"og:locale\" content=\"en_US\" \/>\n<meta property=\"og:type\" content=\"article\" \/>\n<meta property=\"og:title\" content=\"Spring 2022 exhibitions: Press review - Agence VU&#039;\" \/>\n<meta property=\"og:description\" content=\"Spring 2022 | Reviews, interviews, recommendations: the press review of our author-photographers&#039; exhibitions to be discovered this spring\" \/>\n<meta property=\"og:site_name\" content=\"Agence VU&#039;\" \/>\n<meta property=\"article:publisher\" content=\"https:\/\/www.facebook.com\/VUagence\" \/>\n<meta property=\"article:modified_time\" content=\"2022-05-31T12:42:57+00:00\" \/>\n<meta property=\"og:image\" content=\"https:\/\/agencevu.com\/wp-content\/uploads\/2022\/03\/CASTROPRIETO_Vanitas_ACTU_PREVIEW.jpg\" \/>\n\t<meta property=\"og:image:width\" content=\"397\" \/>\n\t<meta property=\"og:image:height\" content=\"304\" \/>\n<meta name=\"twitter:card\" content=\"summary_large_image\" \/>\n<meta name=\"twitter:site\" content=\"@agence_vu\" \/>\n<script type=\"application\/ld+json\" class=\"yoast-schema-graph\">{\"@context\":\"https:\/\/schema.org\",\"@graph\":[{\"@type\":\"WebSite\",\"@id\":\"https:\/\/agencevu.com\/en\/#website\",\"url\":\"https:\/\/agencevu.com\/en\/\",\"name\":\"Agence VU&#039;\",\"description\":\"Agency of photographers founded in 1986\",\"potentialAction\":[{\"@type\":\"SearchAction\",\"target\":\"https:\/\/agencevu.com\/en\/?s={search_term_string}\",\"query-input\":\"required name=search_term_string\"}],\"inLanguage\":\"en-US\"},{\"@type\":\"ImageObject\",\"@id\":\"#primaryimage\",\"inLanguage\":\"en-US\",\"url\":\"https:\/\/agencevu.com\/wp-content\/uploads\/2022\/03\/CASTROPRIETO_Vanitas_ACTU_PREVIEW.jpg\",\"contentUrl\":\"https:\/\/agencevu.com\/wp-content\/uploads\/2022\/03\/CASTROPRIETO_Vanitas_ACTU_PREVIEW.jpg\",\"width\":397,\"height\":304},{\"@type\":\"WebPage\",\"@id\":\"#webpage\",\"url\":null,\"name\":\"Spring 2022 exhibitions: Press review - Agence VU&#039;\",\"isPartOf\":{\"@id\":\"https:\/\/agencevu.com\/en\/#website\"},\"primaryImageOfPage\":{\"@id\":\"#primaryimage\"},\"datePublished\":\"2022-04-20T09:26:04+00:00\",\"dateModified\":\"2022-05-31T12:42:57+00:00\",\"breadcrumb\":{\"@id\":\"#breadcrumb\"},\"inLanguage\":\"en-US\",\"potentialAction\":[{\"@type\":\"ReadAction\",\"target\":[null]}]},{\"@type\":\"BreadcrumbList\",\"@id\":\"#breadcrumb\",\"itemListElement\":[{\"@type\":\"ListItem\",\"position\":1,\"item\":{\"@type\":\"WebPage\",\"@id\":\"https:\/\/agencevu.com\/en\/home\/\",\"url\":\"https:\/\/agencevu.com\/en\/home\/\",\"name\":\"Home\"}},{\"@type\":\"ListItem\",\"position\":2,\"item\":{\"@type\":\"WebPage\",\"@id\":\"https:\/\/agencevu.com\/en\/new\/\",\"url\":\"https:\/\/agencevu.com\/en\/new\/\",\"name\":\"Actualites\"}},{\"@type\":\"ListItem\",\"position\":3,\"item\":{\"@id\":\"#webpage\"}}]}]}<\/script>\n<!-- \/ Yoast SEO plugin. -->","_links":{"self":[{"href":"https:\/\/agencevu.com\/en\/wp-json\/wp\/v2\/actualite\/179654"}],"collection":[{"href":"https:\/\/agencevu.com\/en\/wp-json\/wp\/v2\/actualite"}],"about":[{"href":"https:\/\/agencevu.com\/en\/wp-json\/wp\/v2\/types\/actualite"}],"version-history":[{"count":3,"href":"https:\/\/agencevu.com\/en\/wp-json\/wp\/v2\/actualite\/179654\/revisions"}],"predecessor-version":[{"id":179777,"href":"https:\/\/agencevu.com\/en\/wp-json\/wp\/v2\/actualite\/179654\/revisions\/179777"}],"wp:featuredmedia":[{"embeddable":true,"href":"https:\/\/agencevu.com\/en\/wp-json\/wp\/v2\/media\/179252"}],"wp:attachment":[{"href":"https:\/\/agencevu.com\/en\/wp-json\/wp\/v2\/media?parent=179654"}],"wp:term":[{"taxonomy":"category","embeddable":true,"href":"https:\/\/agencevu.com\/en\/wp-json\/wp\/v2\/categories?post=179654"},{"taxonomy":"post_tag","embeddable":true,"href":"https:\/\/agencevu.com\/en\/wp-json\/wp\/v2\/tags?post=179654"},{"taxonomy":"photographe","embeddable":true,"href":"https:\/\/agencevu.com\/en\/wp-json\/wp\/v2\/photographe?post=179654"},{"taxonomy":"section_taxonomy","embeddable":true,"href":"https:\/\/agencevu.com\/en\/wp-json\/wp\/v2\/section_taxonomy?post=179654"}],"curies":[{"name":"wp","href":"https:\/\/api.w.org\/{rel}","templated":true}]}}