{"id":173757,"date":"2022-01-11T17:47:09","date_gmt":"2022-01-11T16:47:09","guid":{"rendered":"https:\/\/agencevu.com\/?post_type=actualite&#038;p=173757"},"modified":"2022-01-11T17:48:22","modified_gmt":"2022-01-11T16:48:22","slug":"famille-la-belle-aventure-dune-fiction-par-patrick-taberna-photographe","status":"publish","type":"actualite","link":"https:\/\/agencevu.com\/en\/new\/famille-la-belle-aventure-dune-fiction-par-patrick-taberna-photographe\/","title":{"rendered":"Famille, la belle aventure d&#8217;une fiction, par Patrick Taberna, photographe"},"content":{"rendered":"<div id='av_section_1'  class='avia-section main_color avia-section-small avia-no-border-styling  avia-bg-style-scroll  avia-builder-el-0  el_before_av_section  avia-builder-el-first   container_wrap fullsize' style='background-color: #f1f1f1;  '  ><div class='container' ><main  role=\"main\" itemprop=\"mainContentOfPage\"  class='template-page content  av-content-full alpha units'><div class='post-entry post-entry-type-page post-entry-173757'><div class='entry-content-wrapper clearfix'>\n<div class=\"flex_column av_one_full  flex_column_div av-zero-column-padding first  avia-builder-el-1  avia-builder-el-no-sibling  \" style='border-radius:0px; '><section class=\"av_textblock_section \"  itemscope=\"itemscope\" itemtype=\"https:\/\/schema.org\/CreativeWork\" ><div class='avia_textblock  '   itemprop=\"text\" ><p class=\"titre-page\"><a style=\"text-decoration: none; color: #707070;\" href=\"https:\/\/agencevu.com\/en\/news\/\">News<\/a><\/p>\n<hr class=\"hr-titre-page\">\n<\/div><\/section><\/div><\/div><\/div><\/main><!-- close content main element --><\/div><\/div><div id='av_section_2'  class='avia-section main_color avia-section-large avia-no-border-styling  avia-bg-style-scroll  avia-builder-el-3  el_after_av_section  avia-builder-el-last   container_wrap fullsize' style=' '  ><div class='container' ><div class='template-page content  av-content-full alpha units'><div class='post-entry post-entry-type-page post-entry-173757'><div class='entry-content-wrapper clearfix'>\n<div class=\"flex_column av_one_half  flex_column_div av-zero-column-padding first  avia-builder-el-4  el_before_av_two_fifth  avia-builder-el-first  \" style='border-radius:0px; '><p><section class=\"av_textblock_section \"  itemscope=\"itemscope\" itemtype=\"https:\/\/schema.org\/CreativeWork\" ><div class='avia_textblock  '   itemprop=\"text\" ><p><span style=\"color: #76a38b;\"><span style=\"font-size: 20px;\"><strong>L&#8217;Intervalle &#8211; &#8220;Famille, la belle aventure d&#8217;une fiction&#8221;<\/strong><\/span><\/span><br \/>\n<span style=\"font-size: 15px;\"><strong>By Fabien Ribery<\/strong><\/span><br \/>\nReview<\/p>\n<\/div><\/section><br \/>\n<div  style='height:20px' class='hr hr-invisible   avia-builder-el-6  el_after_av_textblock  el_before_av_textblock '><span class='hr-inner ' ><span class='hr-inner-style'><\/span><\/span><\/div><br \/>\n<section class=\"av_textblock_section \"  itemscope=\"itemscope\" itemtype=\"https:\/\/schema.org\/CreativeWork\" ><div class='avia_textblock  '   itemprop=\"text\" ><p>Published on October 26, 2021 on his blog &#8220;L&#8217;intervalle&#8221;, this article by Fabien Ribery delivers a poetic and monographic critique of Patrick Taberna&#8217;s work.<\/p>\n<\/div><\/section><br \/>\n<section class=\"av_textblock_section \"  itemscope=\"itemscope\" itemtype=\"https:\/\/schema.org\/CreativeWork\" ><div class='avia_textblock  '   itemprop=\"text\" ><div class=\"waffle-formula-preview-result\">\n<p class=\"has-text-align-justify\"><em>Quel bonheur que de d\u00e9couvrir l\u2019\u0153uvre photographique de Patrick Taberna, expos\u00e9e actuellement \u00e0 Cergy-Pontoise dans le cadre du Festival du Regard.<\/em><\/p>\n<p><em>Bernard Plossu \u00e9crivait de lui, en postface de son ouvrage Au fil des jours, publi\u00e9 par Actes Sud en 2004&nbsp;: \u00ab Ce que je ressens, en voyant ces images de Patrick Taberna, c\u2019est qu\u2019il en a besoin pour vivre\u2026 (\u2026) souvent une image seule suffit, l\u2019air de rien, comme \u00e7a, parce que le vide entre deux immeubles de face est tout ce qu\u2019il reste d\u2019espace et de son, parce que derri\u00e8re trois arbres il y a des jours et des jours de labeur dans un champ, parce qu\u2019il pleut sur un pont en couleurs noir et blanc, et qu\u2019avant de mourir, il faut prendre le temps de voir, de faire des photographies. Point.&nbsp;\u00bb<\/em><\/p>\n<\/div>\n<\/div><\/section><br \/>\n<div  style='height:10px' class='hr hr-invisible   avia-builder-el-9  el_after_av_textblock  el_before_av_button '><span class='hr-inner ' ><span class='hr-inner-style'><\/span><\/span><\/div><br \/>\n<div  class='avia-button-wrap avia-button-left  avia-builder-el-10  el_after_av_hr  el_before_av_button ' ><a href='https:\/\/lintervalle.blog\/2021\/10\/26\/famille-la-belle-aventure-dune-fiction-par-patrick-taberna-photographe\/' class='avia-button  avia-color-theme-color-highlight   avia-icon_select-no avia-size-medium avia-position-left ' target=\"_blank\" rel=\"noopener noreferrer\"><span class='avia_iconbox_title' >Read the article (FRENCH)<\/span><\/a><\/div><br \/>\n<div  class='avia-button-wrap avia-button-left  avia-builder-el-11  el_after_av_button  avia-builder-el-last ' ><a href='\/en\/photographer\/patrick-taberna\/' class='avia-button  avia-color-theme-color-highlight   avia-icon_select-no avia-size-medium avia-position-left ' target=\"_blank\" rel=\"noopener noreferrer\"><span class='avia_iconbox_title' >Patrick Taberna<\/span><\/a><\/div><\/p><\/div><div class=\"flex_column av_two_fifth  flex_column_div av-zero-column-padding   avia-builder-el-12  el_after_av_one_half  el_before_av_hr  \" style='border-radius:0px; '><div  class='avia-image-container  av-styling-no-styling    avia-builder-el-13  avia-builder-el-no-sibling  avia-align-center '  itemprop=\"image\" itemscope=\"itemscope\" itemtype=\"https:\/\/schema.org\/ImageObject\"  ><div class='avia-image-container-inner'><div class='avia-image-overlay-wrap'><a href=\"https:\/\/lintervalle.blog\/2021\/10\/26\/famille-la-belle-aventure-dune-fiction-par-patrick-taberna-photographe\/\" class='avia_image' target=\"_blank\" rel=\"noopener noreferrer\"><img width=\"1000\" height=\"1000\" class='wp-image-80802 avia-img-lazy-loading-not-80802 avia_image' src=\"https:\/\/agencevu.com\/wp-content\/uploads\/2020\/08\/45_TABE16777-2003CL46.jpg\" alt='' title='Au fil des jours \/ Flowing sights'  itemprop=\"thumbnailUrl\" srcset=\"https:\/\/agencevu.com\/wp-content\/uploads\/2020\/08\/45_TABE16777-2003CL46.jpg 1000w, https:\/\/agencevu.com\/wp-content\/uploads\/2020\/08\/45_TABE16777-2003CL46-80x80.jpg 80w, https:\/\/agencevu.com\/wp-content\/uploads\/2020\/08\/45_TABE16777-2003CL46-300x300.jpg 300w, https:\/\/agencevu.com\/wp-content\/uploads\/2020\/08\/45_TABE16777-2003CL46-768x768.jpg 768w, https:\/\/agencevu.com\/wp-content\/uploads\/2020\/08\/45_TABE16777-2003CL46-36x36.jpg 36w, https:\/\/agencevu.com\/wp-content\/uploads\/2020\/08\/45_TABE16777-2003CL46-180x180.jpg 180w, https:\/\/agencevu.com\/wp-content\/uploads\/2020\/08\/45_TABE16777-2003CL46-705x705.jpg 705w, https:\/\/agencevu.com\/wp-content\/uploads\/2020\/08\/45_TABE16777-2003CL46-120x120.jpg 120w, https:\/\/agencevu.com\/wp-content\/uploads\/2020\/08\/45_TABE16777-2003CL46-450x450.jpg 450w\" sizes=\"(max-width: 1000px) 100vw, 1000px\" \/><\/a><\/div><\/div><\/div><\/div><div  style='height:20px' class='hr hr-invisible   avia-builder-el-14  el_after_av_two_fifth  avia-builder-el-last '><span class='hr-inner ' ><span class='hr-inner-style'><\/span><\/span><\/div>\n<\/p>\n","protected":false},"excerpt":{"rendered":"<p><strong>Review | <\/strong> Fabien Ribery talks about Patrick Taberna&#8217;s work on his blog &#8220;L&#8217;intervalle&#8221; (FRENCH)<\/p>\n","protected":false},"featured_media":173755,"menu_order":0,"template":"","categories":[5518],"tags":[5534],"photographe":[12130],"section_taxonomy":[5485],"yoast_head":"<!-- This site is optimized with the Yoast SEO plugin v16.3 - https:\/\/yoast.com\/wordpress\/plugins\/seo\/ -->\n<title>Famille, la belle aventure d&#039;une fiction, par Patrick Taberna, photographe - Agence VU&#039;<\/title>\n<meta name=\"robots\" content=\"index, follow, max-snippet:-1, max-image-preview:large, max-video-preview:-1\" \/>\n<link rel=\"canonical\" href=\"\/\" \/>\n<meta property=\"og:locale\" content=\"en_US\" \/>\n<meta property=\"og:type\" content=\"article\" \/>\n<meta property=\"og:title\" content=\"Famille, la belle aventure d&#039;une fiction, par Patrick Taberna, photographe - Agence VU&#039;\" \/>\n<meta property=\"og:description\" content=\"Review | Fabien Ribery talks about Patrick Taberna&#039;s work on his blog &quot;L&#039;intervalle&quot; (FRENCH)\" \/>\n<meta property=\"og:site_name\" content=\"Agence VU&#039;\" \/>\n<meta property=\"article:publisher\" content=\"https:\/\/www.facebook.com\/VUagence\" \/>\n<meta property=\"article:modified_time\" content=\"2022-01-11T16:48:22+00:00\" \/>\n<meta property=\"og:image\" content=\"https:\/\/agencevu.com\/wp-content\/uploads\/2022\/01\/45_TABE16777-2003CL46.jpg\" \/>\n\t<meta property=\"og:image:width\" content=\"397\" \/>\n\t<meta property=\"og:image:height\" content=\"304\" \/>\n<meta name=\"twitter:card\" content=\"summary_large_image\" \/>\n<meta name=\"twitter:site\" content=\"@agence_vu\" \/>\n<script type=\"application\/ld+json\" class=\"yoast-schema-graph\">{\"@context\":\"https:\/\/schema.org\",\"@graph\":[{\"@type\":\"WebSite\",\"@id\":\"https:\/\/agencevu.com\/en\/#website\",\"url\":\"https:\/\/agencevu.com\/en\/\",\"name\":\"Agence VU&#039;\",\"description\":\"Agency of photographers founded in 1986\",\"potentialAction\":[{\"@type\":\"SearchAction\",\"target\":\"https:\/\/agencevu.com\/en\/?s={search_term_string}\",\"query-input\":\"required name=search_term_string\"}],\"inLanguage\":\"en-US\"},{\"@type\":\"ImageObject\",\"@id\":\"#primaryimage\",\"inLanguage\":\"en-US\",\"url\":\"https:\/\/agencevu.com\/wp-content\/uploads\/2022\/01\/45_TABE16777-2003CL46.jpg\",\"contentUrl\":\"https:\/\/agencevu.com\/wp-content\/uploads\/2022\/01\/45_TABE16777-2003CL46.jpg\",\"width\":397,\"height\":304,\"caption\":\"Croatia, Sibenik, 2002 Croatie, Sibenik, 2002 Patrick Taberna \/ Agence VU\"},{\"@type\":\"WebPage\",\"@id\":\"#webpage\",\"url\":null,\"name\":\"Famille, la belle aventure d'une fiction, par Patrick Taberna, photographe - Agence VU&#039;\",\"isPartOf\":{\"@id\":\"https:\/\/agencevu.com\/en\/#website\"},\"primaryImageOfPage\":{\"@id\":\"#primaryimage\"},\"datePublished\":\"2022-01-11T16:47:09+00:00\",\"dateModified\":\"2022-01-11T16:48:22+00:00\",\"breadcrumb\":{\"@id\":\"#breadcrumb\"},\"inLanguage\":\"en-US\",\"potentialAction\":[{\"@type\":\"ReadAction\",\"target\":[null]}]},{\"@type\":\"BreadcrumbList\",\"@id\":\"#breadcrumb\",\"itemListElement\":[{\"@type\":\"ListItem\",\"position\":1,\"item\":{\"@type\":\"WebPage\",\"@id\":\"https:\/\/agencevu.com\/en\/home\/\",\"url\":\"https:\/\/agencevu.com\/en\/home\/\",\"name\":\"Home\"}},{\"@type\":\"ListItem\",\"position\":2,\"item\":{\"@type\":\"WebPage\",\"@id\":\"https:\/\/agencevu.com\/en\/new\/\",\"url\":\"https:\/\/agencevu.com\/en\/new\/\",\"name\":\"Actualites\"}},{\"@type\":\"ListItem\",\"position\":3,\"item\":{\"@id\":\"#webpage\"}}]}]}<\/script>\n<!-- \/ Yoast SEO plugin. -->","_links":{"self":[{"href":"https:\/\/agencevu.com\/en\/wp-json\/wp\/v2\/actualite\/173757"}],"collection":[{"href":"https:\/\/agencevu.com\/en\/wp-json\/wp\/v2\/actualite"}],"about":[{"href":"https:\/\/agencevu.com\/en\/wp-json\/wp\/v2\/types\/actualite"}],"version-history":[{"count":3,"href":"https:\/\/agencevu.com\/en\/wp-json\/wp\/v2\/actualite\/173757\/revisions"}],"predecessor-version":[{"id":173774,"href":"https:\/\/agencevu.com\/en\/wp-json\/wp\/v2\/actualite\/173757\/revisions\/173774"}],"wp:featuredmedia":[{"embeddable":true,"href":"https:\/\/agencevu.com\/en\/wp-json\/wp\/v2\/media\/173755"}],"wp:attachment":[{"href":"https:\/\/agencevu.com\/en\/wp-json\/wp\/v2\/media?parent=173757"}],"wp:term":[{"taxonomy":"category","embeddable":true,"href":"https:\/\/agencevu.com\/en\/wp-json\/wp\/v2\/categories?post=173757"},{"taxonomy":"post_tag","embeddable":true,"href":"https:\/\/agencevu.com\/en\/wp-json\/wp\/v2\/tags?post=173757"},{"taxonomy":"photographe","embeddable":true,"href":"https:\/\/agencevu.com\/en\/wp-json\/wp\/v2\/photographe?post=173757"},{"taxonomy":"section_taxonomy","embeddable":true,"href":"https:\/\/agencevu.com\/en\/wp-json\/wp\/v2\/section_taxonomy?post=173757"}],"curies":[{"name":"wp","href":"https:\/\/api.w.org\/{rel}","templated":true}]}}